{"id":4469,"date":"2025-10-23T18:48:16","date_gmt":"2025-10-23T16:48:16","guid":{"rendered":"https:\/\/www.aks-metzingen.eu\/aks\/?p=4469"},"modified":"2025-10-23T18:48:16","modified_gmt":"2025-10-23T16:48:16","slug":"wir-trauern-um-unser-mitglied-dr-dieter-feucht","status":"publish","type":"post","link":"https:\/\/www.aks-metzingen.eu\/aks\/wir-trauern-um-unser-mitglied-dr-dieter-feucht\/","title":{"rendered":"Wir trauern um unser Mitglied Dr. Dieter Feucht"},"content":{"rendered":"<div class=\"elementToProof\"><a href=\"http:\/\/www.aks-metzingen.eu\/aks\/wp-content\/uploads\/2025\/10\/20171117-2-17429.1.jpg\"><img loading=\"lazy\" decoding=\"async\" class=\"alignleft wp-image-4471 size-medium\" src=\"http:\/\/www.aks-metzingen.eu\/aks\/wp-content\/uploads\/2025\/10\/20171117-2-17429.1-210x300.jpg\" alt=\"\" width=\"210\" height=\"300\" srcset=\"https:\/\/www.aks-metzingen.eu\/aks\/wp-content\/uploads\/2025\/10\/20171117-2-17429.1-210x300.jpg 210w, https:\/\/www.aks-metzingen.eu\/aks\/wp-content\/uploads\/2025\/10\/20171117-2-17429.1-715x1024.jpg 715w, https:\/\/www.aks-metzingen.eu\/aks\/wp-content\/uploads\/2025\/10\/20171117-2-17429.1-768x1099.jpg 768w, https:\/\/www.aks-metzingen.eu\/aks\/wp-content\/uploads\/2025\/10\/20171117-2-17429.1-1073x1536.jpg 1073w, https:\/\/www.aks-metzingen.eu\/aks\/wp-content\/uploads\/2025\/10\/20171117-2-17429.1-1431x2048.jpg 1431w, https:\/\/www.aks-metzingen.eu\/aks\/wp-content\/uploads\/2025\/10\/20171117-2-17429.1.jpg 1601w\" sizes=\"auto, (max-width: 210px) 100vw, 210px\" \/><\/a>Der Tod von Dr. Dieter Feucht bedeutet einen schmerzlichen Verlust f\u00fcr den AKS und ganz Metzingen.<\/div>\n<div class=\"elementToProof\" align=\"justify\">Als historisch gebildeter Jurist war er in unserem Verein immer gern gesehen und geh\u00f6rt und hatte viel beizutragen, etwa auf den mehrt\u00e4gigen Jahresexkursionen, insbesondere noch auf der letzten um Pfingsten 2019 nach S\u00fcdtirol.<\/div>\n<div class=\"elementToProof\" align=\"justify\">Sein gro\u00dfes Interesse f\u00fcr Geschichte spiegelte sich schon in seiner 1965 an der Universit\u00e4t T\u00fcbingen vorgelegten Dissertation wider, in der er ein rechtshistorisches Thema bearbeitete (Grube und Pfahl. Ein Beitrag zur Geschichte der deutschen Hinrichtungsbr\u00e4uche, T\u00fcbingen 1967).<\/div>\n<div class=\"elementToProof\" align=\"justify\">Am 3. Oktober 1990, dem Tag der Wiedervereinigung Deutschlands, hielt er im Metzinger Rathaus einen vielbeachteten Gedenkvortrag; er spannte darin kenntnisreich einen gro\u00dfen historischen Bogen vom Ende des Zweiten Weltkriegs bis zur damaligen Gegenwart. Erneut wurde deutlich, dass er einen Rat Martin Luthers stets ber\u00fccksichtigt hatte: \u201eDenn ein Jurist, der nicht mehr denn ein Jurist ist, ist ein arm Ding.\u201c<\/div>\n","protected":false},"excerpt":{"rendered":"<p>Der Tod von Dr. Dieter Feucht bedeutet einen schmerzlichen Verlust f\u00fcr den AKS und ganz Metzingen. Als historisch gebildeter Jurist war er in unserem Verein immer gern gesehen und geh\u00f6rt und hatte viel beizutragen, etwa auf den mehrt\u00e4gigen Jahresexkursionen, insbesondere &hellip; <a href=\"https:\/\/www.aks-metzingen.eu\/aks\/wir-trauern-um-unser-mitglied-dr-dieter-feucht\/\">Weiterlesen <span class=\"meta-nav\">&rarr;<\/span><\/a><\/p>\n","protected":false},"author":17,"featured_media":0,"comment_status":"closed","ping_status":"closed","sticky":false,"template":"","format":"standard","meta":{"ngg_post_thumbnail":0,"footnotes":""},"categories":[1],"tags":[],"class_list":["post-4469","post","type-post","status-publish","format-standard","hentry","category-allgemein"],"_links":{"self":[{"href":"https:\/\/www.aks-metzingen.eu\/aks\/wp-json\/wp\/v2\/posts\/4469","targetHints":{"allow":["GET"]}}],"collection":[{"href":"https:\/\/www.aks-metzingen.eu\/aks\/wp-json\/wp\/v2\/posts"}],"about":[{"href":"https:\/\/www.aks-metzingen.eu\/aks\/wp-json\/wp\/v2\/types\/post"}],"author":[{"embeddable":true,"href":"https:\/\/www.aks-metzingen.eu\/aks\/wp-json\/wp\/v2\/users\/17"}],"replies":[{"embeddable":true,"href":"https:\/\/www.aks-metzingen.eu\/aks\/wp-json\/wp\/v2\/comments?post=4469"}],"version-history":[{"count":7,"href":"https:\/\/www.aks-metzingen.eu\/aks\/wp-json\/wp\/v2\/posts\/4469\/revisions"}],"predecessor-version":[{"id":4482,"href":"https:\/\/www.aks-metzingen.eu\/aks\/wp-json\/wp\/v2\/posts\/4469\/revisions\/4482"}],"wp:attachment":[{"href":"https:\/\/www.aks-metzingen.eu\/aks\/wp-json\/wp\/v2\/media?parent=4469"}],"wp:term":[{"taxonomy":"category","embeddable":true,"href":"https:\/\/www.aks-metzingen.eu\/aks\/wp-json\/wp\/v2\/categories?post=4469"},{"taxonomy":"post_tag","embeddable":true,"href":"https:\/\/www.aks-metzingen.eu\/aks\/wp-json\/wp\/v2\/tags?post=4469"}],"curies":[{"name":"wp","href":"https:\/\/api.w.org\/{rel}","templated":true}]}}