{"id":4458,"date":"2025-10-23T18:47:23","date_gmt":"2025-10-23T16:47:23","guid":{"rendered":"https:\/\/www.aks-metzingen.eu\/aks\/?p=4458"},"modified":"2025-11-26T20:44:18","modified_gmt":"2025-11-26T19:44:18","slug":"trauer-um-dr-dieter-feucht","status":"publish","type":"post","link":"https:\/\/www.aks-metzingen.eu\/aks\/trauer-um-dr-dieter-feucht\/","title":{"rendered":"Trauer um Dr. Dieter Feucht"},"content":{"rendered":"<p><a href=\"http:\/\/www.aks-metzingen.eu\/aks\/wp-content\/uploads\/2025\/10\/20091127_20054.1.jpg\"><img loading=\"lazy\" decoding=\"async\" class=\"alignleft wp-image-4476 size-large\" src=\"http:\/\/www.aks-metzingen.eu\/aks\/wp-content\/uploads\/2025\/10\/20091127_20054.1-1024x1024.jpg\" alt=\"\" width=\"584\" height=\"584\" srcset=\"https:\/\/www.aks-metzingen.eu\/aks\/wp-content\/uploads\/2025\/10\/20091127_20054.1-1024x1024.jpg 1024w, https:\/\/www.aks-metzingen.eu\/aks\/wp-content\/uploads\/2025\/10\/20091127_20054.1-300x300.jpg 300w, https:\/\/www.aks-metzingen.eu\/aks\/wp-content\/uploads\/2025\/10\/20091127_20054.1-150x150.jpg 150w, https:\/\/www.aks-metzingen.eu\/aks\/wp-content\/uploads\/2025\/10\/20091127_20054.1-768x769.jpg 768w, https:\/\/www.aks-metzingen.eu\/aks\/wp-content\/uploads\/2025\/10\/20091127_20054.1.jpg 1084w\" sizes=\"auto, (max-width: 584px) 100vw, 584px\" \/><\/a>Der Ehrenb\u00fcrger und ehemalige Erste B\u00fcrgermeister der Kelternstadt ist gestorben. In Beruf und Ehrenamt hat er die Kelternstadt gepr\u00e4gt. Dr. Dieter Feucht lebt nicht mehr. Vergangene Woche, am 16. Oktober, hat er diese Welt verlassen. Zwar hat ihm das Alter in den vergangenen Jahren zunehmende Lasten aufgeb\u00fcrdet, doch sein Verstand war so hellwach wie ehedem. Ebenso wach blieb Dieter Feuchts Interesse an all jenen Ereignissen, die um ihn herum passiert sind, sei es im kleinen Metzingen oder weltweit.<!--more--><\/p>\n<p>Zu vielen Dingen hatte er eine klare Meinung, die er pointiert zum Ausdruck bringen konnte. Unter Umst\u00e4nden klingelte dann in der Redaktionsstube das Telefon. Weil Dieter Feucht \u00fcber einen Sachverhalt reden wollte, weil er sich wegen eines fehlenden Genitivs \u00e4rgerte, oder, weil ihm ein Anglizismus aufgefallen war, der seiner Ansicht nach ebenso un\u00fcberlegt wie \u00fcberfl\u00fcssig Eingang in einen Text gefunden hatte. Manchmal war es ihm auch einfach ein Anliegen, einen gelungenen Artikel zu loben.<\/p>\n<p>Dieter Feucht war ein streitbarer Geist, ein Freund der demokratischen Debatte, des fairen Ringens um den besten Weg. Er pflegte damit eine Tugend, die in der heutigen Zeit mehr denn je gebraucht wird. Zuspruch hielt er im \u00dcbrigen f\u00fcr jene parat, die einen Vortrag auf Schw\u00e4bisch hielten oder zumindest nicht verhehlten, dass sie Dialekt sprechen. \u201eSchw\u00e4tzet Schw\u00e4bisch mit eure Jonge\u201c, hat er dem Publikum vor vielen Jahren zugerufen, als der Kabarettist Uli Keuler zu Gast in Metzingen war. Denn der Dialekt, das wusste Dieter Feucht, kennt eine sprachliche Tiefe und Differenziertheit, die das glatte Schriftdeutsch nie erreichen wird.<\/p>\n<p><strong>Jurastudium in T\u00fcbingen <\/strong><\/p>\n<p>Geboren 1936 in Stuttgart, konnte er sich noch gut an seine von der NS-Diktatur und dem Zweiten Weltkrieg gepr\u00e4gte Kindheit erinnern. Vielleicht r\u00fchrte daher sein gro\u00dfes Interesse an historischen Zusammenh\u00e4ngen.<\/p>\n<p>Nach dem Abitur entschied er sich allerdings nicht f\u00fcr ein Geschichtsstudium, sondern f\u00fcr die Rechtswissenschaften. 1965 promovierte er an der Eberhard-Karls-Universit\u00e4t T\u00fcbingen und arbeitete danach als wissenschaftlicher Assistent unter anderem an einem Kommentar zum Grundgesetz mit. Jener Verfassung also, auf der das demokratische Deutschland nach 1945 seine Zukunft aufgebaut hat. F\u00fcr diese Demokratie und ihre Werte ist Dieter Feucht stets eingestanden. \u00dcber Jahrzehnte engagierte er sich in der SPD, seiner Partei hielt er \u00fcber alle politischen St\u00fcrme hinweg bis zu seinem Tod die Treue.<\/p>\n<p>Im Juli 1972 wurde Dieter Feucht zum Ersten Beigeordneten der Stadt Metzingen gew\u00e4hlt. Drei Mal hat ihn der Gemeinderat mit gro\u00dfer Mehrheit in diesem Amt best\u00e4tigt. Diesen Posten, seit der Ernennung Metzingens zur Gro\u00dfen Kreisstadt war Feucht Erster B\u00fcrgermeister, bekleidete er bis zu seiner Pensionierung 2001.<\/p>\n<p>W\u00e4hrend dieser langen Zeit hat Feucht einen wesentlichen Beitrag zur Weiterentwicklung der Stadt geleistet. Beteiligt an allen wichtigen Entscheidungen halfen seine solide und vorausschauende Finanzpolitik sowie seine gro\u00dfe Fach- und Sachkompetenz dabei, Metzingen in eine gute Zukunft zu f\u00fchren. F\u00fcr seine Arbeit erhielt er bei seiner Verabschiedung in den Ruhestand das Bundesverdienstkreuz. Im Jahr 2017 ernannte ihn die Kelternstadt au\u00dferdem zu ihrem Ehrenb\u00fcrger.<\/p>\n<p><strong>Sein privates Gl\u00fcck<\/strong><\/p>\n<p>Doch nicht nur beruflich war Metzingen ein gutes Pflaster f\u00fcr ihn, hier fand er auch sein privates Gl\u00fcck. Im Januar 1965 traf er am dortigen Bahnhof seine k\u00fcnftige Ehefrau Hildegard, ein Zufall, 29 Jahre lang war Dr. Dieter Feucht f\u00fcr die Stadt Metzingen t\u00e4tig. Von 1972 bis zu seinem Ruhestand. Seine Arbeit wurde 2001 mit der Verleihung des Bundesverdienstkreuzes gew\u00fcrdigt. der beide noch im selben Jahr vor den Traualtar f\u00fchrte.<\/p>\n<p>Ende August dieses Jahres konnte das Ehepaar seine diamantene Hochzeit feiern. Dazu gratulierten auch die beiden Kinder Ulla und Thilo sowie die Enkelkinder, von denen der stolze Gro\u00dfvater in privater Runde gerne erz\u00e4hlte.<\/p>\n<p>Aufs engste verbunden war Dieter Feucht mit dem Metzinger Albverein. Verantwortung \u00fcbernahm er dort unter anderem als Erster Vorsitzender. \u00dcberdies organisierte und f\u00fchrte er gemeinsam mit seiner Frau Hildegard im Laufe der Jahre viele wunderbare Wanderungen. Dabei kam ihm nicht zuletzt sein gro\u00dfes historisches Wissen zugute, das er ebenfalls beim Arbeitskreis Stadtgeschichte Metzingen eingebracht hat. Pr\u00e4gende Jahre erlebte auch der TV Neuhausen unter seiner \u00c4gide. Damals spielten die Handballherren in der ersten Bundesliga, die Mitgliederzahl des Vereins verdoppelte sich in dieser Zeit.<\/p>\n<p>Ebenso stark engagierte sich Dieter Feucht in der evangelischen Martinsgemeinde in Metzingen. Seit Anfang der 1980er Jahre geh\u00f6rte er deren Kirchengemeinderat an, sp\u00e4ter fungierte er als Vorsitzender des Gesamtkirchengemeinderats. Gleichzeitig wirkte der Musikliebhaber \u00fcber viele Jahre als aktiver S\u00e4nger in der renommierten Martinskantorei. Nun ist seine Stimme f\u00fcr immer verstummt.<\/p>\n<p><em>Dieser Nachruf erschien im Metzinger-Uracher Volksblatt am 21. Oktober 2025.<\/em><\/p>\n","protected":false},"excerpt":{"rendered":"<p>Der Ehrenb\u00fcrger und ehemalige Erste B\u00fcrgermeister der Kelternstadt ist gestorben. In Beruf und Ehrenamt hat er die Kelternstadt gepr\u00e4gt. Dr. Dieter Feucht lebt nicht mehr. Vergangene Woche, am 16. Oktober, hat er diese Welt verlassen. Zwar hat ihm das Alter &hellip; <a href=\"https:\/\/www.aks-metzingen.eu\/aks\/trauer-um-dr-dieter-feucht\/\">Weiterlesen <span class=\"meta-nav\">&rarr;<\/span><\/a><\/p>\n","protected":false},"author":16,"featured_media":0,"comment_status":"closed","ping_status":"closed","sticky":false,"template":"","format":"standard","meta":{"ngg_post_thumbnail":0,"footnotes":""},"categories":[1],"tags":[],"class_list":["post-4458","post","type-post","status-publish","format-standard","hentry","category-allgemein"],"_links":{"self":[{"href":"https:\/\/www.aks-metzingen.eu\/aks\/wp-json\/wp\/v2\/posts\/4458","targetHints":{"allow":["GET"]}}],"collection":[{"href":"https:\/\/www.aks-metzingen.eu\/aks\/wp-json\/wp\/v2\/posts"}],"about":[{"href":"https:\/\/www.aks-metzingen.eu\/aks\/wp-json\/wp\/v2\/types\/post"}],"author":[{"embeddable":true,"href":"https:\/\/www.aks-metzingen.eu\/aks\/wp-json\/wp\/v2\/users\/16"}],"replies":[{"embeddable":true,"href":"https:\/\/www.aks-metzingen.eu\/aks\/wp-json\/wp\/v2\/comments?post=4458"}],"version-history":[{"count":11,"href":"https:\/\/www.aks-metzingen.eu\/aks\/wp-json\/wp\/v2\/posts\/4458\/revisions"}],"predecessor-version":[{"id":4498,"href":"https:\/\/www.aks-metzingen.eu\/aks\/wp-json\/wp\/v2\/posts\/4458\/revisions\/4498"}],"wp:attachment":[{"href":"https:\/\/www.aks-metzingen.eu\/aks\/wp-json\/wp\/v2\/media?parent=4458"}],"wp:term":[{"taxonomy":"category","embeddable":true,"href":"https:\/\/www.aks-metzingen.eu\/aks\/wp-json\/wp\/v2\/categories?post=4458"},{"taxonomy":"post_tag","embeddable":true,"href":"https:\/\/www.aks-metzingen.eu\/aks\/wp-json\/wp\/v2\/tags?post=4458"}],"curies":[{"name":"wp","href":"https:\/\/api.w.org\/{rel}","templated":true}]}}