{"id":2500,"date":"2019-12-19T20:40:58","date_gmt":"2019-12-19T19:40:58","guid":{"rendered":"http:\/\/www.aks-metzingen.eu\/aks\/?p=2500"},"modified":"2019-12-19T20:40:58","modified_gmt":"2019-12-19T19:40:58","slug":"der-wueterich-und-sein-frommer-sohn","status":"publish","type":"post","link":"https:\/\/www.aks-metzingen.eu\/aks\/der-wueterich-und-sein-frommer-sohn\/","title":{"rendered":"Der W\u00fcterich und sein frommer Sohn"},"content":{"rendered":"<p><strong><a href=\"http:\/\/www.aks-metzingen.eu\/aks\/albums\/Letztes_Krautwickelessen_2019\/album\" target=\"_blank\" rel=\"noopener noreferrer\"><img loading=\"lazy\" decoding=\"async\" class=\"alignleft wp-image-2504 size-medium\" src=\"http:\/\/www.aks-metzingen.eu\/aks\/wp-content\/uploads\/2019\/12\/20191129-2-29687-300x200.jpg\" alt=\"\" width=\"300\" height=\"200\" srcset=\"https:\/\/www.aks-metzingen.eu\/aks\/wp-content\/uploads\/2019\/12\/20191129-2-29687-300x200.jpg 300w, https:\/\/www.aks-metzingen.eu\/aks\/wp-content\/uploads\/2019\/12\/20191129-2-29687-1024x683.jpg 1024w, https:\/\/www.aks-metzingen.eu\/aks\/wp-content\/uploads\/2019\/12\/20191129-2-29687-768x512.jpg 768w, https:\/\/www.aks-metzingen.eu\/aks\/wp-content\/uploads\/2019\/12\/20191129-2-29687-1536x1024.jpg 1536w, https:\/\/www.aks-metzingen.eu\/aks\/wp-content\/uploads\/2019\/12\/20191129-2-29687-2048x1365.jpg 2048w, https:\/\/www.aks-metzingen.eu\/aks\/wp-content\/uploads\/2019\/12\/20191129-2-29687-450x300.jpg 450w\" sizes=\"auto, (max-width: 300px) 100vw, 300px\" \/><\/a>Das Krautwickelessen des AKS bot wieder eine anregende Mischung aus gutem Essen und interessanten Einblicken in die Historie. Im Festvortrag ging es um Herzog Ulrich von W\u00fcrttemberg.<\/strong><\/p>\n<p><!--more-->Junge, h\u00fcbsche Franz\u00f6sinnen waren ganz nach dem Geschmack des w\u00fcrttembergischen Thronfolgers Christoph. Diese ziehe er allen schw\u00e4bischen Frauen vor, lie\u00df er Hofbeamte in einem Brief wissen, in dem er auch noch mit seinen amour\u00f6sen Erfolgen prahlt. Ausgerechnet Christoph, der vermeintlich fromme Reformer und pflichtbewusste Landesvater war also in Wahrheit ein Hallodri?<\/p>\n<div id=\"attachment_2507\" style=\"width: 310px\" class=\"wp-caption alignleft\"><a href=\"http:\/\/www.aks-metzingen.eu\/aks\/wp-content\/uploads\/2019\/12\/20191129-2-29731-scaled.jpg\"><img loading=\"lazy\" decoding=\"async\" aria-describedby=\"caption-attachment-2507\" class=\"size-medium wp-image-2507\" src=\"http:\/\/www.aks-metzingen.eu\/aks\/wp-content\/uploads\/2019\/12\/20191129-2-29731-300x200.jpg\" alt=\"\" width=\"300\" height=\"200\" srcset=\"https:\/\/www.aks-metzingen.eu\/aks\/wp-content\/uploads\/2019\/12\/20191129-2-29731-300x200.jpg 300w, https:\/\/www.aks-metzingen.eu\/aks\/wp-content\/uploads\/2019\/12\/20191129-2-29731-1024x683.jpg 1024w, https:\/\/www.aks-metzingen.eu\/aks\/wp-content\/uploads\/2019\/12\/20191129-2-29731-768x512.jpg 768w, https:\/\/www.aks-metzingen.eu\/aks\/wp-content\/uploads\/2019\/12\/20191129-2-29731-1536x1024.jpg 1536w, https:\/\/www.aks-metzingen.eu\/aks\/wp-content\/uploads\/2019\/12\/20191129-2-29731-2048x1365.jpg 2048w, https:\/\/www.aks-metzingen.eu\/aks\/wp-content\/uploads\/2019\/12\/20191129-2-29731-450x300.jpg 450w\" sizes=\"auto, (max-width: 300px) 100vw, 300px\" \/><\/a><p id=\"caption-attachment-2507\" class=\"wp-caption-text\">Prof. Dr. Franz Brendle<\/p><\/div>\n<p>Die Antwort auf diese Frage lieferte am Freitagabend Professor Dr. Franz Brendle von der Universit\u00e4t T\u00fcbingen. Er war auf Einladung des Arbeitskreises Stadtgeschichte in die Metzinger Festkelter gekommen, um \u00fcber Christoph und dessen Vater, den ber\u00fcchtigten Herzog Ulrich von W\u00fcrttemberg, zu sprechen.<\/p>\n<p><a href=\"http:\/\/www.aks-metzingen.eu\/aks\/wp-content\/uploads\/2019\/12\/20191129-2-29721-scaled.jpg\"><img loading=\"lazy\" decoding=\"async\" class=\"size-medium wp-image-2508 alignright\" src=\"http:\/\/www.aks-metzingen.eu\/aks\/wp-content\/uploads\/2019\/12\/20191129-2-29721-300x200.jpg\" alt=\"\" width=\"300\" height=\"200\" srcset=\"https:\/\/www.aks-metzingen.eu\/aks\/wp-content\/uploads\/2019\/12\/20191129-2-29721-300x200.jpg 300w, https:\/\/www.aks-metzingen.eu\/aks\/wp-content\/uploads\/2019\/12\/20191129-2-29721-1024x683.jpg 1024w, https:\/\/www.aks-metzingen.eu\/aks\/wp-content\/uploads\/2019\/12\/20191129-2-29721-768x512.jpg 768w, https:\/\/www.aks-metzingen.eu\/aks\/wp-content\/uploads\/2019\/12\/20191129-2-29721-1536x1024.jpg 1536w, https:\/\/www.aks-metzingen.eu\/aks\/wp-content\/uploads\/2019\/12\/20191129-2-29721-2048x1365.jpg 2048w, https:\/\/www.aks-metzingen.eu\/aks\/wp-content\/uploads\/2019\/12\/20191129-2-29721-450x300.jpg 450w\" sizes=\"auto, (max-width: 300px) 100vw, 300px\" \/><\/a>Der Historiker warf einen ebenso kurzweiligen wie erkenntnisreichen Blick auf einen Herrscher, der zum M\u00f6rder wurde und aus dem Land fliehen musste. J\u00e4hzornig, ma\u00dflos und machtbewusst war dieser Ulrich, der seine Frau schlug, seinen Stallmeister hinterr\u00fccks erstach und vor 500 Jahren versuchte, den Reutlingern ihre Freiheit zu nehmen.<\/p>\n<p>Doch im 19. Jahrhundert wird Wilhelm Hauff in seinem Roman \u201eLichtenstein\u201c ein ganz anders Bild von Ulrich zeichnen. Hauff beschreibt einen Vertriebenen, dem das Volk wieder zu seinem Recht verhilft. Eine wirkm\u00e4chtige Propaganda, wie Professor Brendle schilderte, die auch dazu f\u00fchrte, dass auf den Ruinen einer alten Ritterburg das heutige Schloss entstand.<\/p>\n<p>Kultur und Kulinarik<\/p>\n<div id=\"attachment_2509\" style=\"width: 310px\" class=\"wp-caption alignleft\"><a href=\"http:\/\/www.aks-metzingen.eu\/aks\/wp-content\/uploads\/2019\/12\/20191129-2-29744-scaled.jpg\"><img loading=\"lazy\" decoding=\"async\" aria-describedby=\"caption-attachment-2509\" class=\"size-medium wp-image-2509\" src=\"http:\/\/www.aks-metzingen.eu\/aks\/wp-content\/uploads\/2019\/12\/20191129-2-29744-300x200.jpg\" alt=\"\" width=\"300\" height=\"200\" srcset=\"https:\/\/www.aks-metzingen.eu\/aks\/wp-content\/uploads\/2019\/12\/20191129-2-29744-300x200.jpg 300w, https:\/\/www.aks-metzingen.eu\/aks\/wp-content\/uploads\/2019\/12\/20191129-2-29744-1024x683.jpg 1024w, https:\/\/www.aks-metzingen.eu\/aks\/wp-content\/uploads\/2019\/12\/20191129-2-29744-768x512.jpg 768w, https:\/\/www.aks-metzingen.eu\/aks\/wp-content\/uploads\/2019\/12\/20191129-2-29744-1536x1024.jpg 1536w, https:\/\/www.aks-metzingen.eu\/aks\/wp-content\/uploads\/2019\/12\/20191129-2-29744-2048x1365.jpg 2048w, https:\/\/www.aks-metzingen.eu\/aks\/wp-content\/uploads\/2019\/12\/20191129-2-29744-450x300.jpg 450w\" sizes=\"auto, (max-width: 300px) 100vw, 300px\" \/><\/a><p id=\"caption-attachment-2509\" class=\"wp-caption-text\">Dr. Fritz Kemmler<\/p><\/div>\n<p>Fake News und Agitation, Tugend und Laster, all das gab es ganz offenbar schon vor 500 Jahren, so der AKS-Vorsitzende Dr. Fritz Kemmler zum Festvortrag des T\u00fcbinger Professors.<\/p>\n<p>Der Weg aus der Universit\u00e4tsstadt ins Ermstal war am Freitag freilich ein Geduldsspiel. Brendle steckte, wie manch anderer Festgast, im Stau, der sich rund um Metzingen gebildet hatte. Zehntausende str\u00f6mten in die Stadt, um sich ein Schn\u00e4ppchen zu sichern. \u201eIch halte es f\u00fcr v\u00f6llig verr\u00fcckt, was heute passiert\u201c, gestand Metzingens Oberb\u00fcrgermeister Dr. Ulrich Fiedler in seinem Gru\u00dfwort an die Festgesellschaft.&lt;Dr. Fiedler&gt;<\/p>\n<p><a href=\"http:\/\/www.aks-metzingen.eu\/aks\/wp-content\/uploads\/2019\/12\/20191129-2-29710-scaled.jpg\"><img loading=\"lazy\" decoding=\"async\" class=\"size-medium wp-image-2511 alignright\" src=\"http:\/\/www.aks-metzingen.eu\/aks\/wp-content\/uploads\/2019\/12\/20191129-2-29710-300x200.jpg\" alt=\"\" width=\"300\" height=\"200\" srcset=\"https:\/\/www.aks-metzingen.eu\/aks\/wp-content\/uploads\/2019\/12\/20191129-2-29710-300x200.jpg 300w, https:\/\/www.aks-metzingen.eu\/aks\/wp-content\/uploads\/2019\/12\/20191129-2-29710-1024x683.jpg 1024w, https:\/\/www.aks-metzingen.eu\/aks\/wp-content\/uploads\/2019\/12\/20191129-2-29710-768x512.jpg 768w, https:\/\/www.aks-metzingen.eu\/aks\/wp-content\/uploads\/2019\/12\/20191129-2-29710-1536x1024.jpg 1536w, https:\/\/www.aks-metzingen.eu\/aks\/wp-content\/uploads\/2019\/12\/20191129-2-29710-2048x1365.jpg 2048w, https:\/\/www.aks-metzingen.eu\/aks\/wp-content\/uploads\/2019\/12\/20191129-2-29710-450x300.jpg 450w\" sizes=\"auto, (max-width: 300px) 100vw, 300px\" \/><\/a>W\u00e4hrend sich die Eink\u00e4ufer in den Shops der Outletcity dem Stress und der Hektik hingaben, erlebten die Besucher des Krautwickelessens einen entspannten Abend. Diese Mischung aus festlicher Geselligkeit, Musik und am\u00fcsanten Einblicken in die Vergangenheit wird es in dieser Form allerdings nicht mehr geben. Die Organisation des Krautwickelessens war f\u00fcr das Helferteam in jedem Jahr ein Kraftakt, schilderte der AKS-Vorsitzende Fritz Kemmler.<\/p>\n<p>Die f\u00fcr ein solches Ereignis notwendige Zahl an Ehrenamtlichen zu finden, f\u00e4llt ebenfalls zunehmend schwer. Deshalb hat der Geschichtsverein entschieden, das Krautwickelessen nicht mehr anzubieten, verspricht aber zugleich, f\u00fcr Ersatz zu sorgen. <a href=\"http:\/\/www.aks-metzingen.eu\/aks\/wp-content\/uploads\/2019\/12\/20191129-2-29629-scaled.jpg\"><img loading=\"lazy\" decoding=\"async\" class=\"size-medium wp-image-2512 alignleft\" src=\"http:\/\/www.aks-metzingen.eu\/aks\/wp-content\/uploads\/2019\/12\/20191129-2-29629-300x200.jpg\" alt=\"\" width=\"300\" height=\"200\" srcset=\"https:\/\/www.aks-metzingen.eu\/aks\/wp-content\/uploads\/2019\/12\/20191129-2-29629-300x200.jpg 300w, https:\/\/www.aks-metzingen.eu\/aks\/wp-content\/uploads\/2019\/12\/20191129-2-29629-1024x683.jpg 1024w, https:\/\/www.aks-metzingen.eu\/aks\/wp-content\/uploads\/2019\/12\/20191129-2-29629-768x512.jpg 768w, https:\/\/www.aks-metzingen.eu\/aks\/wp-content\/uploads\/2019\/12\/20191129-2-29629-1536x1024.jpg 1536w, https:\/\/www.aks-metzingen.eu\/aks\/wp-content\/uploads\/2019\/12\/20191129-2-29629-2048x1365.jpg 2048w, https:\/\/www.aks-metzingen.eu\/aks\/wp-content\/uploads\/2019\/12\/20191129-2-29629-450x300.jpg 450w\" sizes=\"auto, (max-width: 300px) 100vw, 300px\" \/><\/a>Stellvertretend f\u00fcr das Helferteam ehrte der AKS-Vorstand Elsbeth G\u00f6tz, Ilse Schumm und Rolf Scheu f\u00fcr ihren gro\u00dfen Einsatz, mit dem sie das Krautwickelessen gemeinsam mit den vielen anderen Ehrenamtlichen zu einer Erfolgsgeschichte gemacht haben.<br \/>\nBegonnen hat diese Geschichte im Jahr 2008, wie Rudolf Renz, stellvertretender Vorsitzender des Geschichtsvereins, erkl\u00e4rte. Mit Blick aufs Metzinger Stadtwappen, das bekanntlich einen Krautkopf zeigt, war die Idee f\u00fcrs Festmahl geboren. Geschmeckt hat die Kombination aus Kulinarik und Kultur all die Jahre einem treuen Stammpublikum, zu dem auch OB Fiedler z\u00e4hlte, der das Ende der Tradition bedauert: \u201eEs waren immer hoch interessante, kurzweilig und am\u00fcsante Abende.\u201c<\/p>\n<div id=\"attachment_2514\" style=\"width: 310px\" class=\"wp-caption alignleft\"><a href=\"http:\/\/www.aks-metzingen.eu\/aks\/wp-content\/uploads\/2019\/12\/20191129-2-29648-scaled.jpg\"><img loading=\"lazy\" decoding=\"async\" aria-describedby=\"caption-attachment-2514\" class=\"size-medium wp-image-2514\" src=\"http:\/\/www.aks-metzingen.eu\/aks\/wp-content\/uploads\/2019\/12\/20191129-2-29648-300x200.jpg\" alt=\"\" width=\"300\" height=\"200\" srcset=\"https:\/\/www.aks-metzingen.eu\/aks\/wp-content\/uploads\/2019\/12\/20191129-2-29648-300x200.jpg 300w, https:\/\/www.aks-metzingen.eu\/aks\/wp-content\/uploads\/2019\/12\/20191129-2-29648-1024x683.jpg 1024w, https:\/\/www.aks-metzingen.eu\/aks\/wp-content\/uploads\/2019\/12\/20191129-2-29648-768x512.jpg 768w, https:\/\/www.aks-metzingen.eu\/aks\/wp-content\/uploads\/2019\/12\/20191129-2-29648-1536x1024.jpg 1536w, https:\/\/www.aks-metzingen.eu\/aks\/wp-content\/uploads\/2019\/12\/20191129-2-29648-2048x1365.jpg 2048w, https:\/\/www.aks-metzingen.eu\/aks\/wp-content\/uploads\/2019\/12\/20191129-2-29648-450x300.jpg 450w\" sizes=\"auto, (max-width: 300px) 100vw, 300px\" \/><\/a><p id=\"caption-attachment-2514\" class=\"wp-caption-text\">OB Dr. Ulrich Fiedler<\/p><\/div>\n<p>Fiedler bekannte zudem, sich in all den Jahren zu einem wahren Krautwickelexperten gemausert zu haben. Eins habe er dabei gelernt: Um gute Krautwickel kredenzen zu k\u00f6nnen, brauche es Zeit und damit ein Gut, das heute scheinbar niemand mehr besitze. \u201eDie Dinge ver\u00e4ndern sich in einer Geschwindigkeit, dass es einem schwindelig wird.\u201c Dabei br\u00e4uchten manche Dinge einfach Zeit, damit sie gelingen k\u00f6nnen.<br \/>\nFiedler erinnerte unter anderem an die derzeit laufenden Planungen f\u00fcrs neue Kombibad, f\u00fcr die Gr\u00fcnanlagen auf dem G &amp;V-Areal und die damit verbundene Renaturierung der Erms. Dar\u00fcber freue er sich besonders, so Fiedler: \u201eEs gibt kaum etwas, was unsere Stadt in den letzten 200 Jahren so gepr\u00e4gt hat, wie die Erms.\u201c<\/p>\n<p>Ein Musterl\u00e4ndle<\/p>\n<p>Nachhaltig gepr\u00e4gt hat die Stadt und das Ermstal auch die Entscheidung von Herzog Ulrich, 1534 in W\u00fcrttemberg die Reformation einzuf\u00fchren. Es war aber an seinem Sohn Christoph, die Staats- und Kirchenordnung im Land komplett neu zu ordnen. Ihn, den Liebhaber franz\u00f6sischer Damen, schildern die Nachgeborenen in bewusstem Kontrast zu seinem j\u00e4hzornigen Vater als frommen Protestanten, der W\u00fcrttemberg zu einem Musterl\u00e4ndle der Reformation formte.<\/p>\n<p>Geheiratet hat Christoph \u00fcbrigens weder eine Franz\u00f6sin noch eine Schw\u00e4bin, sondern die Tochter des Markgrafen von Brandenburg-Ansbach.<\/p>\n<div id=\"attachment_2515\" style=\"width: 310px\" class=\"wp-caption aligncenter\"><a href=\"http:\/\/www.aks-metzingen.eu\/aks\/wp-content\/uploads\/2019\/12\/20191129-2-29585-scaled.jpg\"><img loading=\"lazy\" decoding=\"async\" aria-describedby=\"caption-attachment-2515\" class=\"size-medium wp-image-2515\" src=\"http:\/\/www.aks-metzingen.eu\/aks\/wp-content\/uploads\/2019\/12\/20191129-2-29585-300x200.jpg\" alt=\"\" width=\"300\" height=\"200\" srcset=\"https:\/\/www.aks-metzingen.eu\/aks\/wp-content\/uploads\/2019\/12\/20191129-2-29585-300x200.jpg 300w, https:\/\/www.aks-metzingen.eu\/aks\/wp-content\/uploads\/2019\/12\/20191129-2-29585-1024x683.jpg 1024w, https:\/\/www.aks-metzingen.eu\/aks\/wp-content\/uploads\/2019\/12\/20191129-2-29585-768x512.jpg 768w, https:\/\/www.aks-metzingen.eu\/aks\/wp-content\/uploads\/2019\/12\/20191129-2-29585-1536x1024.jpg 1536w, https:\/\/www.aks-metzingen.eu\/aks\/wp-content\/uploads\/2019\/12\/20191129-2-29585-2048x1365.jpg 2048w, https:\/\/www.aks-metzingen.eu\/aks\/wp-content\/uploads\/2019\/12\/20191129-2-29585-450x300.jpg 450w\" sizes=\"auto, (max-width: 300px) 100vw, 300px\" \/><\/a><p id=\"caption-attachment-2515\" class=\"wp-caption-text\">Das bew\u00e4hrte Helferteam<\/p><\/div>\n<p><em>Bilder von H. Kaut, zum Album bitte anklicken: <a href=\"http:\/\/www.aks-metzingen.eu\/aks\/albums\/Letztes_Krautwickelessen_2019\/album\" target=\"_blank\" rel=\"noopener noreferrer\"><img loading=\"lazy\" decoding=\"async\" class=\"alignnone size-full wp-image-1940\" src=\"http:\/\/www.aks-metzingen.eu\/aks\/wp-content\/uploads\/2017\/08\/Pictures-icon1.png\" alt=\"\" width=\"48\" height=\"48\"\/><\/a><\/em><\/p>\n","protected":false},"excerpt":{"rendered":"<p>Das Krautwickelessen des AKS bot wieder eine anregende Mischung aus gutem Essen und interessanten Einblicken in die Historie. Im Festvortrag ging es um Herzog Ulrich von W\u00fcrttemberg.<\/p>\n","protected":false},"author":16,"featured_media":2517,"comment_status":"closed","ping_status":"closed","sticky":false,"template":"","format":"standard","meta":{"ngg_post_thumbnail":0,"footnotes":""},"categories":[1],"tags":[],"class_list":["post-2500","post","type-post","status-publish","format-standard","has-post-thumbnail","hentry","category-allgemein"],"_links":{"self":[{"href":"https:\/\/www.aks-metzingen.eu\/aks\/wp-json\/wp\/v2\/posts\/2500","targetHints":{"allow":["GET"]}}],"collection":[{"href":"https:\/\/www.aks-metzingen.eu\/aks\/wp-json\/wp\/v2\/posts"}],"about":[{"href":"https:\/\/www.aks-metzingen.eu\/aks\/wp-json\/wp\/v2\/types\/post"}],"author":[{"embeddable":true,"href":"https:\/\/www.aks-metzingen.eu\/aks\/wp-json\/wp\/v2\/users\/16"}],"replies":[{"embeddable":true,"href":"https:\/\/www.aks-metzingen.eu\/aks\/wp-json\/wp\/v2\/comments?post=2500"}],"version-history":[{"count":8,"href":"https:\/\/www.aks-metzingen.eu\/aks\/wp-json\/wp\/v2\/posts\/2500\/revisions"}],"predecessor-version":[{"id":2518,"href":"https:\/\/www.aks-metzingen.eu\/aks\/wp-json\/wp\/v2\/posts\/2500\/revisions\/2518"}],"wp:featuredmedia":[{"embeddable":true,"href":"https:\/\/www.aks-metzingen.eu\/aks\/wp-json\/wp\/v2\/media\/2517"}],"wp:attachment":[{"href":"https:\/\/www.aks-metzingen.eu\/aks\/wp-json\/wp\/v2\/media?parent=2500"}],"wp:term":[{"taxonomy":"category","embeddable":true,"href":"https:\/\/www.aks-metzingen.eu\/aks\/wp-json\/wp\/v2\/categories?post=2500"},{"taxonomy":"post_tag","embeddable":true,"href":"https:\/\/www.aks-metzingen.eu\/aks\/wp-json\/wp\/v2\/tags?post=2500"}],"curies":[{"name":"wp","href":"https:\/\/api.w.org\/{rel}","templated":true}]}}