{"id":945,"date":"2014-10-24T12:19:05","date_gmt":"2014-10-24T10:19:05","guid":{"rendered":"http:\/\/www.aks-metzingen.eu\/aks\/?p=945"},"modified":"2014-10-29T21:27:10","modified_gmt":"2014-10-29T20:27:10","slug":"altstadt-und-burg","status":"publish","type":"post","link":"http:\/\/www.aks-metzingen.eu\/aks\/altstadt-und-burg\/","title":{"rendered":"Altstadt und Burg"},"content":{"rendered":"<h1>Der Arbeitskreis Stadtgeschichte besuchte Kirchheim und die Teck<\/h1>\n<p>Am Samstag, dem 18.10.2014, lud der AKS zu einer Tagesexkursion nach Kirchheim ein. Bei herrlichem Herbstwetter erwartete die \u00fcber 40 Teilnehmerinnen und Teilnehmer ein interessantes Programm. Die beiden F\u00fchrer, Dr. Eberhard Sieber und G\u00fcnther Erb, begeisterten durch ihre profunden Kenntnisse der Stadt- und Landesgeschichte, die sie auf lebendige und unterhaltsame Weise vermittelten.<\/p>\n<p><a href=\"http:\/\/www.aks-metzingen.eu\/aks\/wp-content\/uploads\/2014\/10\/20141018-2-02326.1.jpg\">\u00a0 \u00a0 \u00a0 \u00a0 \u00a0 \u00a0 \u00a0 \u00a0 \u00a0 \u00a0 \u00a0\u00a0 \u00a0 <\/a><a href=\"http:\/\/www.aks-metzingen.eu\/aks\/wp-content\/uploads\/2014\/10\/20141018-2-02326.1.jpg\"><img loading=\"lazy\" decoding=\"async\" class=\"alignnone wp-image-949\" src=\"http:\/\/www.aks-metzingen.eu\/aks\/wp-content\/uploads\/2014\/10\/20141018-2-02326.1-263x300.jpg\" alt=\"20141018-2-02326.1\" width=\"150\" height=\"171\" srcset=\"http:\/\/www.aks-metzingen.eu\/aks\/wp-content\/uploads\/2014\/10\/20141018-2-02326.1-263x300.jpg 263w, http:\/\/www.aks-metzingen.eu\/aks\/wp-content\/uploads\/2014\/10\/20141018-2-02326.1-900x1024.jpg 900w\" sizes=\"auto, (max-width: 150px) 100vw, 150px\" \/><\/a><a href=\"http:\/\/www.aks-metzingen.eu\/aks\/wp-content\/uploads\/2014\/10\/20141018-2-02370.1.jpg\"><img loading=\"lazy\" decoding=\"async\" class=\"alignnone wp-image-950\" src=\"http:\/\/www.aks-metzingen.eu\/aks\/wp-content\/uploads\/2014\/10\/20141018-2-02370.1-269x300.jpg\" alt=\"20141018-2-02370.1\" width=\"153\" height=\"170\" srcset=\"http:\/\/www.aks-metzingen.eu\/aks\/wp-content\/uploads\/2014\/10\/20141018-2-02370.1-269x300.jpg 269w, http:\/\/www.aks-metzingen.eu\/aks\/wp-content\/uploads\/2014\/10\/20141018-2-02370.1-918x1024.jpg 918w, http:\/\/www.aks-metzingen.eu\/aks\/wp-content\/uploads\/2014\/10\/20141018-2-02370.1.jpg 1120w\" sizes=\"auto, (max-width: 153px) 100vw, 153px\" \/><\/a><\/p>\n<p style=\"padding-left: 120px;\">Dr. Eberhard Sieber\u00a0\u00a0\u00a0\u00a0\u00a0\u00a0\u00a0\u00a0\u00a0\u00a0\u00a0\u00a0\u00a0\u00a0\u00a0 G\u00fcnther Erb<\/p>\n<p><!--more-->Am Vormittag besichtigten die Teilnehmer die historische Altstadt und einige Gr\u00fcnderzeitbauten des bekannten Architekten <span style=\"text-decoration: underline;\"><a href=\"http:\/\/www.aks-metzingen.eu\/aks\/philipp-jakob-manz-das-aussergewoehnliche-leben-des-stararchitekten\/\" target=\"_blank\">Manz<\/a><\/span>, der auch im Ermstal und Reutlingen gebaut hat.<\/p>\n<p><a href=\"http:\/\/www.aks-metzingen.eu\/aks\/wp-content\/uploads\/2014\/10\/20141018-2-02344.jpg\"><img loading=\"lazy\" decoding=\"async\" class=\"alignnone wp-image-955\" src=\"http:\/\/www.aks-metzingen.eu\/aks\/wp-content\/uploads\/2014\/10\/20141018-2-02344-300x200.jpg\" alt=\"20141018-2-02344\" width=\"250\" height=\"167\" srcset=\"http:\/\/www.aks-metzingen.eu\/aks\/wp-content\/uploads\/2014\/10\/20141018-2-02344-300x200.jpg 300w, http:\/\/www.aks-metzingen.eu\/aks\/wp-content\/uploads\/2014\/10\/20141018-2-02344-450x300.jpg 450w, http:\/\/www.aks-metzingen.eu\/aks\/wp-content\/uploads\/2014\/10\/20141018-2-02344.jpg 960w\" sizes=\"auto, (max-width: 250px) 100vw, 250px\" \/><\/a><a href=\"http:\/\/www.aks-metzingen.eu\/aks\/wp-content\/uploads\/2014\/10\/20141018-2-02309.jpg\"><img loading=\"lazy\" decoding=\"async\" class=\"alignnone wp-image-967\" src=\"http:\/\/www.aks-metzingen.eu\/aks\/wp-content\/uploads\/2014\/10\/20141018-2-02309-300x200.jpg\" alt=\"20141018-2-02309\" width=\"250\" height=\"167\" srcset=\"http:\/\/www.aks-metzingen.eu\/aks\/wp-content\/uploads\/2014\/10\/20141018-2-02309-300x200.jpg 300w, http:\/\/www.aks-metzingen.eu\/aks\/wp-content\/uploads\/2014\/10\/20141018-2-02309-450x300.jpg 450w, http:\/\/www.aks-metzingen.eu\/aks\/wp-content\/uploads\/2014\/10\/20141018-2-02309.jpg 960w\" sizes=\"auto, (max-width: 250px) 100vw, 250px\" \/><\/a><\/p>\n<p>Die historische Altstadt von Kirchheim gilt zu Recht als eine der sch\u00f6nsten in Baden-W\u00fcrttemberg. Am Samstag, einem Markttag, beeindruckte sie besonders durch die vielen Menschen, die zwischen den sch\u00f6n restaurierten Fachwerkh\u00e4usern zum Einkaufen und Flanieren unterwegs waren.<\/p>\n<p><a href=\"http:\/\/www.aks-metzingen.eu\/aks\/wp-content\/uploads\/2014\/10\/20141018-2-02372.jpg\"><img loading=\"lazy\" decoding=\"async\" class=\"alignnone size-medium wp-image-958\" src=\"http:\/\/www.aks-metzingen.eu\/aks\/wp-content\/uploads\/2014\/10\/20141018-2-02372-300x200.jpg\" alt=\"20141018-2-02372\" width=\"300\" height=\"200\" srcset=\"http:\/\/www.aks-metzingen.eu\/aks\/wp-content\/uploads\/2014\/10\/20141018-2-02372-300x200.jpg 300w, http:\/\/www.aks-metzingen.eu\/aks\/wp-content\/uploads\/2014\/10\/20141018-2-02372-450x300.jpg 450w, http:\/\/www.aks-metzingen.eu\/aks\/wp-content\/uploads\/2014\/10\/20141018-2-02372.jpg 960w\" sizes=\"auto, (max-width: 300px) 100vw, 300px\" \/><\/a><\/p>\n<p>Kirchheim wird im Jahr 960 erstmals urkundlich erw\u00e4hnt, doch der Ort geht schon auf die alemannische Zeit des 6. bis 7. Jahrhunderts zur\u00fcck. Im 11. Jahrhundert erhielt er das Marktrecht. Damals geh\u00f6rte er den Herz\u00f6gen von Z\u00e4hringen, 1186 ging er an die Herz\u00f6ge von Teck und im 14. Jahrhundert an W\u00fcrttemberg \u00fcber. Zwischen 1220 und 1230 wurde die Marktsiedlung zur Stadt erhoben und ab 1270 mit einer Stadtmauer umgeben. Ab 1539 wurde die Stadt von Herzog Ulrich zur w\u00fcrttembergischen Landesfestung ausgebaut; damals entstand auch das herzogliche Schloss im Renaissancestil. Das heutige Erscheinungsbild der Altstadt ist vom Wiederaufbau nach dem verheerenden Stadtbrand von 1690 gepr\u00e4gt, dem fast 300 H\u00e4user zum Opfer fielen.<\/p>\n<p><a href=\"http:\/\/www.aks-metzingen.eu\/aks\/wp-content\/uploads\/2014\/10\/20141018-2-02362.jpg\"><img loading=\"lazy\" decoding=\"async\" class=\"alignleft wp-image-956 size-medium\" src=\"http:\/\/www.aks-metzingen.eu\/aks\/wp-content\/uploads\/2014\/10\/20141018-2-02362-300x200.jpg\" alt=\"20141018-2-02362\" width=\"300\" height=\"200\" srcset=\"http:\/\/www.aks-metzingen.eu\/aks\/wp-content\/uploads\/2014\/10\/20141018-2-02362-300x200.jpg 300w, http:\/\/www.aks-metzingen.eu\/aks\/wp-content\/uploads\/2014\/10\/20141018-2-02362-450x300.jpg 450w, http:\/\/www.aks-metzingen.eu\/aks\/wp-content\/uploads\/2014\/10\/20141018-2-02362.jpg 960w\" sizes=\"auto, (max-width: 300px) 100vw, 300px\" \/><\/a><a href=\"http:\/\/www.aks-metzingen.eu\/aks\/wp-content\/uploads\/2014\/10\/20141018-2-02350.jpg\"><img loading=\"lazy\" decoding=\"async\" class=\"alignleft wp-image-959 size-medium\" src=\"http:\/\/www.aks-metzingen.eu\/aks\/wp-content\/uploads\/2014\/10\/20141018-2-02350-300x200.jpg\" alt=\"20141018-2-02350\" width=\"300\" height=\"200\" srcset=\"http:\/\/www.aks-metzingen.eu\/aks\/wp-content\/uploads\/2014\/10\/20141018-2-02350-300x200.jpg 300w, http:\/\/www.aks-metzingen.eu\/aks\/wp-content\/uploads\/2014\/10\/20141018-2-02350-450x300.jpg 450w, http:\/\/www.aks-metzingen.eu\/aks\/wp-content\/uploads\/2014\/10\/20141018-2-02350.jpg 960w\" sizes=\"auto, (max-width: 300px) 100vw, 300px\" \/><\/a>Das Rathaus, ein beeindruckender Fachwerkbau mit Kassettendecke und Mondphasenuhr, wurde beim Wiederaufbau vom Gel\u00e4nde des heutigen Marktplatzes auf seine heutige Position versetzt. Dieses, die gotische Martinskirche und das Max-Eyth-Haus (Geburtsort von Max Eyth) wurden von au\u00dfen in Augenschein genommen, das Stadtmuseum in Kornhaus <a href=\"http:\/\/www.aks-metzingen.eu\/aks\/wp-content\/uploads\/2014\/10\/20141018-2-02356.jpg\"><img loading=\"lazy\" decoding=\"async\" class=\"alignleft wp-image-965 size-medium\" src=\"http:\/\/www.aks-metzingen.eu\/aks\/wp-content\/uploads\/2014\/10\/20141018-2-02356-300x200.jpg\" alt=\"20141018-2-02356\" width=\"300\" height=\"200\" srcset=\"http:\/\/www.aks-metzingen.eu\/aks\/wp-content\/uploads\/2014\/10\/20141018-2-02356-300x200.jpg 300w, http:\/\/www.aks-metzingen.eu\/aks\/wp-content\/uploads\/2014\/10\/20141018-2-02356-450x300.jpg 450w, http:\/\/www.aks-metzingen.eu\/aks\/wp-content\/uploads\/2014\/10\/20141018-2-02356.jpg 960w\" sizes=\"auto, (max-width: 300px) 100vw, 300px\" \/><\/a>besuchte ein Teil der Gruppe am Nachmittag. Im Renaissance-Schloss konnten die Teilnehmer die Weilheimer F\u00fcrstenbilder des Hauses W\u00fcrttemberg und die Witwenr\u00e4ume der w\u00fcrttembergischen Herrscher mit einer F\u00fchrung erkunden.<\/p>\n<p>Im 18. Jahrhundert entwickelte sich in Kirchheim eine bedeutende Textilindustrie, sp\u00e4ter kam die Metallindustrie dazu. 1864 erhielt Kirchheim Anschluss an die erste Privateisenbahn in W\u00fcrttemberg. Ende des 19. Jahrhunderts baute Manz gro\u00dfe Fabrikanlagen f\u00fcr die bl\u00fchende Industrie und standesgem\u00e4\u00dfe Villen f\u00fcr deren Unternehmer. Einige von ihnen konnten noch besichtigt werden. Es sind leider nur noch wenige, daf\u00fcr aber besonders beeindruckende Geb\u00e4ude. Einige Villen und die Fabrikgeb\u00e4ude sind in den 1960er und 1970 Jahren der Spitzhacke zum Opfer gefallen.<br \/>\n<a href=\"http:\/\/www.aks-metzingen.eu\/aks\/wp-content\/uploads\/2014\/10\/20141018-2-02414.jpg\"><img loading=\"lazy\" decoding=\"async\" class=\"alignleft wp-image-966 size-medium\" src=\"http:\/\/www.aks-metzingen.eu\/aks\/wp-content\/uploads\/2014\/10\/20141018-2-02414-300x200.jpg\" alt=\"20141018-2-02414\" width=\"300\" height=\"200\" srcset=\"http:\/\/www.aks-metzingen.eu\/aks\/wp-content\/uploads\/2014\/10\/20141018-2-02414-300x200.jpg 300w, http:\/\/www.aks-metzingen.eu\/aks\/wp-content\/uploads\/2014\/10\/20141018-2-02414-450x300.jpg 450w, http:\/\/www.aks-metzingen.eu\/aks\/wp-content\/uploads\/2014\/10\/20141018-2-02414.jpg 960w\" sizes=\"auto, (max-width: 300px) 100vw, 300px\" \/><\/a><br \/>\nNach dem Schlossbesuch fuhr ein gro\u00dfer Teil der Exkursionsteilnehmer zur Teck.\u00a0<a href=\"http:\/\/www.aks-metzingen.eu\/aks\/wp-content\/uploads\/2014\/10\/20141018-2-02432.1.jpg\"><img loading=\"lazy\" decoding=\"async\" class=\"alignleft wp-image-968 size-medium\" src=\"http:\/\/www.aks-metzingen.eu\/aks\/wp-content\/uploads\/2014\/10\/20141018-2-02432.1-300x160.jpg\" alt=\"20141018-2-02432.1\" width=\"300\" height=\"160\" srcset=\"http:\/\/www.aks-metzingen.eu\/aks\/wp-content\/uploads\/2014\/10\/20141018-2-02432.1-300x160.jpg 300w, http:\/\/www.aks-metzingen.eu\/aks\/wp-content\/uploads\/2014\/10\/20141018-2-02432.1-1024x548.jpg 1024w, http:\/\/www.aks-metzingen.eu\/aks\/wp-content\/uploads\/2014\/10\/20141018-2-02432.1-500x267.jpg 500w\" sizes=\"auto, (max-width: 300px) 100vw, 300px\" \/><\/a> Dieser Ausflug erforderte einen nicht ganz leichten Anstieg vom Parkplatz auf die 773 Meter hoch gelegene Gipfelburg. Sie entstand im 12. Jahrhundert, heute sind nur noch Grund- und St\u00fctzmauern erhalten, auf die im 19. Jahrhundert ein Aussichtsturm gebaut wurde. 1933 wurde neben dem Turm die M\u00f6rikehalle, eine Veranstaltungshalle, errichtet. In den 1950er Jahren baute der Schw\u00e4bische Albverein die Anlage zu einem Wanderheim mit Gastst\u00e4tte und Schlafr\u00e4umen aus. Eberhard Sieber und G\u00fcnther Erb informierten kenntnisreich \u00fcber die Geografie und Geschichte der Burg. Die alte Burg wurde 1525 im Bauernkrieg v\u00f6llig zerst\u00f6rt. Die Burgruine sollte im 18. Jahrhundert zu einer modernen Festung ausgebaut werden, die Arbeiten wurden aber schon bald wieder eingestellt und die unvollendeten Neubauten teilweise wieder abgetragen. Fortan blieb die Teck eine Ruine. Die gro\u00dfartige Aussicht am sp\u00e4ten Nachmittag und die gewonnenen Erkenntnisse entsch\u00e4digten die Bergwanderer f\u00fcr ihre Anstrengung: Erinnerungen wurden geweckt und Neues erfahren.<\/p>\n<p>Weitere Bilder zeigt das <span style=\"text-decoration: underline;\"><a title=\"Exkursion nach Kirchheim und zur Teck\" href=\"http:\/\/www.aks-metzingen.eu\/aks\/albums\/AKS-Exkursion_Kirchheim_2014\/album\/\" target=\"_blank\">Fotoalbum<\/a><\/span>.<\/p>\n","protected":false},"excerpt":{"rendered":"<p>Der Arbeitskreis Stadtgeschichte besuchte Kirchheim und die Teck Am Samstag, dem 18.10.2014, lud der AKS zu einer Tagesexkursion nach Kirchheim ein. Bei herrlichem Herbstwetter erwartete die \u00fcber 40 Teilnehmerinnen und Teilnehmer ein interessantes Programm. Die beiden F\u00fchrer, Dr. Eberhard Sieber &hellip; <a href=\"http:\/\/www.aks-metzingen.eu\/aks\/altstadt-und-burg\/\">Weiterlesen <span class=\"meta-nav\">&rarr;<\/span><\/a><\/p>\n","protected":false},"author":6,"featured_media":968,"comment_status":"closed","ping_status":"closed","sticky":false,"template":"","format":"standard","meta":{"ngg_post_thumbnail":0,"footnotes":""},"categories":[1],"tags":[],"class_list":["post-945","post","type-post","status-publish","format-standard","has-post-thumbnail","hentry","category-allgemein"],"_links":{"self":[{"href":"http:\/\/www.aks-metzingen.eu\/aks\/wp-json\/wp\/v2\/posts\/945","targetHints":{"allow":["GET"]}}],"collection":[{"href":"http:\/\/www.aks-metzingen.eu\/aks\/wp-json\/wp\/v2\/posts"}],"about":[{"href":"http:\/\/www.aks-metzingen.eu\/aks\/wp-json\/wp\/v2\/types\/post"}],"author":[{"embeddable":true,"href":"http:\/\/www.aks-metzingen.eu\/aks\/wp-json\/wp\/v2\/users\/6"}],"replies":[{"embeddable":true,"href":"http:\/\/www.aks-metzingen.eu\/aks\/wp-json\/wp\/v2\/comments?post=945"}],"version-history":[{"count":17,"href":"http:\/\/www.aks-metzingen.eu\/aks\/wp-json\/wp\/v2\/posts\/945\/revisions"}],"predecessor-version":[{"id":975,"href":"http:\/\/www.aks-metzingen.eu\/aks\/wp-json\/wp\/v2\/posts\/945\/revisions\/975"}],"wp:featuredmedia":[{"embeddable":true,"href":"http:\/\/www.aks-metzingen.eu\/aks\/wp-json\/wp\/v2\/media\/968"}],"wp:attachment":[{"href":"http:\/\/www.aks-metzingen.eu\/aks\/wp-json\/wp\/v2\/media?parent=945"}],"wp:term":[{"taxonomy":"category","embeddable":true,"href":"http:\/\/www.aks-metzingen.eu\/aks\/wp-json\/wp\/v2\/categories?post=945"},{"taxonomy":"post_tag","embeddable":true,"href":"http:\/\/www.aks-metzingen.eu\/aks\/wp-json\/wp\/v2\/tags?post=945"}],"curies":[{"name":"wp","href":"https:\/\/api.w.org\/{rel}","templated":true}]}}