{"id":4578,"date":"2026-04-29T13:40:21","date_gmt":"2026-04-29T11:40:21","guid":{"rendered":"https:\/\/www.aks-metzingen.eu\/aks\/?p=4578"},"modified":"2026-04-29T13:40:21","modified_gmt":"2026-04-29T11:40:21","slug":"entwicklung-des-physikalischen-weltbilds-beitrag-von-c-f-schoenbein","status":"publish","type":"post","link":"http:\/\/www.aks-metzingen.eu\/aks\/entwicklung-des-physikalischen-weltbilds-beitrag-von-c-f-schoenbein\/","title":{"rendered":"Entwicklung des physikalischen Weltbilds \u2013 Beitrag von C. F. Sch\u00f6nbein"},"content":{"rendered":"<p align=\"justify\"><span style=\"font-family: Arial, sans-serif;\"><span style=\"font-size: medium;\"><i><b><a href=\"http:\/\/www.aks-metzingen.eu\/aks\/wp-content\/uploads\/2019\/01\/cropped-Christian_Friedrich_Sch\u00f6nbein-1.jpg\"><img loading=\"lazy\" decoding=\"async\" class=\"alignnone wp-image-2547 size-full\" src=\"http:\/\/www.aks-metzingen.eu\/aks\/wp-content\/uploads\/2019\/01\/cropped-Christian_Friedrich_Sch\u00f6nbein-1.jpg\" alt=\"\" width=\"1000\" height=\"570\" srcset=\"http:\/\/www.aks-metzingen.eu\/aks\/wp-content\/uploads\/2019\/01\/cropped-Christian_Friedrich_Sch\u00f6nbein-1.jpg 1000w, http:\/\/www.aks-metzingen.eu\/aks\/wp-content\/uploads\/2019\/01\/cropped-Christian_Friedrich_Sch\u00f6nbein-1-300x171.jpg 300w, http:\/\/www.aks-metzingen.eu\/aks\/wp-content\/uploads\/2019\/01\/cropped-Christian_Friedrich_Sch\u00f6nbein-1-768x438.jpg 768w, http:\/\/www.aks-metzingen.eu\/aks\/wp-content\/uploads\/2019\/01\/cropped-Christian_Friedrich_Sch\u00f6nbein-1-500x285.jpg 500w\" sizes=\"auto, (max-width: 1000px) 100vw, 1000px\" \/><\/a><\/b><\/i><\/span><\/span><\/p>\n<p align=\"justify\"><span style=\"font-family: Arial, sans-serif;\"><span style=\"font-size: medium;\"><i><b>H\u00f6hepunkte und Hintergr\u00fcnde in der Entwicklung des physikalischen Weltbilds \u2013 und der Beitrag von Christian Friedrich Sch\u00f6nbein<\/b><\/i><\/span><\/span><\/p>\n<p align=\"justify\"><span style=\"font-family: Arial, sans-serif;\"><span style=\"font-size: medium;\">Ein Vortrag von Dr. Michael B\u00fcrker und Rudolf Renz<\/span><\/span><\/p>\n<p align=\"justify\"><span style=\"font-family: Arial, sans-serif;\"><span style=\"font-size: medium;\">Die H\u00f6hepunkte in der Entwicklung des physikalischen Weltbilds kann man am einfachsten durch ihre Protagonisten kennzeichnen: Eratosthenes, Ptolem\u00e4us, Kopernikus, Galilei, Kepler und Newton.<\/span><\/span><\/p>\n<p align=\"justify\"><span style=\"font-family: Arial, sans-serif;\"><span style=\"font-size: medium;\"><strong>Newton<\/strong> bildet eine besondere Z\u00e4sur, weil er zeigt, dass sein <strong>Gravitationsgesetz<\/strong> sowohl in irdischen als auch in himmlischen Sph\u00e4ren g\u00fcltig und damit die aristotelische Trennung dieser Sph\u00e4ren hinf\u00e4llig ist.<\/span><\/span><\/p>\n<p align=\"justify\"><span style=\"font-family: Arial, sans-serif;\"><span style=\"font-size: medium;\">Newton wie auch Leibniz haben durch ihre fundamentalen Arbeiten zur <strong>Infinitesimalrechnung<\/strong> entscheidend zur <strong>Mathematisierung der Physik<\/strong> beigetragen und die Entstehung der Naturwissenschaften wesentlich vorangetrieben. In diesem Zusammenhang spielt auch <strong>C.&nbsp;F. Sch\u00f6nbein aus Metzingen<\/strong> eine wichtige Rolle, weil er in der Physik und Chemie pr\u00e4gende Spuren hinterlassen hat. Sch\u00f6nbein ist der <strong>Entdecker des Ozons und des Prinzips der Brennstoffzelle<\/strong> und stellte Schie\u00dfbaumwolle sowie Kollodium her.<\/span><\/span><\/p>\n<p align=\"justify\"><span style=\"font-family: Arial, sans-serif;\"><span style=\"font-size: medium;\">F\u00fcr die Neuerungen in der Physik an der Wende vom 19. zum 20. Jahrhundert stehen die Protagonisten <strong>Max Planck mit der Quantentheorie<\/strong> und <strong>Albert Einstein mit der Relativit\u00e4tstheorie<\/strong> Pate.<\/span><\/span><\/p>\n<p align=\"justify\"><span style=\"font-family: Arial, sans-serif;\"><span style=\"font-size: medium;\">Diese beiden Theorien sowie die <strong>Urknalltheorie<\/strong> werden kurz angesprochen und zum Schluss wird der Frage nachgegangen, ob die Entwicklung des Universums hin zu Leben auf der Erde und zum Menschen eine <strong>teleologische (zielgerichtete) Komponente<\/strong> hat.<\/span><\/span><\/p>\n<p align=\"justify\"><span style=\"font-family: Arial, sans-serif;\"><span style=\"font-size: medium;\"><b>Referenten<\/b><\/span><\/span><\/p>\n<p align=\"justify\"><span style=\"font-family: Arial, sans-serif;\"><span style=\"font-size: medium;\">Dr. Michael B\u00fcrker, Mathematiker und Physiker (fr\u00fcher Lehrer am Dietrich-Bonhoeffer-Gymnasium und Lehrbeauftragter an der Universit\u00e4t Freiburg).<\/span><\/span><\/p>\n<p align=\"justify\"><span style=\"font-family: Arial, sans-serif;\"><span style=\"font-size: medium;\">Rudolf Renz, Historiker und Anglist (fr\u00fcher Lehrer am Dietrich-Bonhoeffer-Gymnasium und Referent am Oberschulamt T\u00fcbingen).<\/span><\/span><\/p>\n<p align=\"justify\"><span style=\"font-family: Arial, sans-serif;\"><span style=\"font-size: medium;\">Die Veranstaltung ist eine <strong>Kooperation des Dietrich-Bonhoeffer-Gymnasiums mit dem Arbeitskreis Stadtgeschichte<\/strong>.<\/span><\/span><\/p>\n<p align=\"justify\"><span style=\"font-family: Arial, sans-serif;\"><span style=\"font-size: medium;\"><b>Ort: <\/b>Dietrich-Bonhoeffer-Gymnasium <\/span><\/span><span style=\"font-family: Arial, sans-serif;\"><span style=\"font-size: medium;\">Metzingen<\/span><\/span><span style=\"font-family: Arial, sans-serif;\"><span style=\"font-size: medium;\">, Alte Aula<\/span><\/span><\/p>\n<p align=\"justify\"><span style=\"font-family: Arial, sans-serif;\"><span style=\"font-size: medium;\"><b>Zeit: <\/b><strong>Dienstag, 12. Mai 2026, 19.00 Uhr<\/strong><\/span><\/span><\/p>\n","protected":false},"excerpt":{"rendered":"<p>H\u00f6hepunkte und Hintergr\u00fcnde in der Entwicklung des physikalischen Weltbilds \u2013 und der Beitrag von Christian Friedrich Sch\u00f6nbein Ein Vortrag von Dr. Michael B\u00fcrker und Rudolf Renz Die H\u00f6hepunkte in der Entwicklung des physikalischen Weltbilds kann man am einfachsten durch ihre &hellip; <a href=\"http:\/\/www.aks-metzingen.eu\/aks\/entwicklung-des-physikalischen-weltbilds-beitrag-von-c-f-schoenbein\/\">Weiterlesen <span class=\"meta-nav\">&rarr;<\/span><\/a><\/p>\n","protected":false},"author":6,"featured_media":0,"comment_status":"closed","ping_status":"closed","sticky":false,"template":"","format":"standard","meta":{"ngg_post_thumbnail":0,"footnotes":""},"categories":[1],"tags":[],"class_list":["post-4578","post","type-post","status-publish","format-standard","hentry","category-allgemein"],"_links":{"self":[{"href":"http:\/\/www.aks-metzingen.eu\/aks\/wp-json\/wp\/v2\/posts\/4578","targetHints":{"allow":["GET"]}}],"collection":[{"href":"http:\/\/www.aks-metzingen.eu\/aks\/wp-json\/wp\/v2\/posts"}],"about":[{"href":"http:\/\/www.aks-metzingen.eu\/aks\/wp-json\/wp\/v2\/types\/post"}],"author":[{"embeddable":true,"href":"http:\/\/www.aks-metzingen.eu\/aks\/wp-json\/wp\/v2\/users\/6"}],"replies":[{"embeddable":true,"href":"http:\/\/www.aks-metzingen.eu\/aks\/wp-json\/wp\/v2\/comments?post=4578"}],"version-history":[{"count":2,"href":"http:\/\/www.aks-metzingen.eu\/aks\/wp-json\/wp\/v2\/posts\/4578\/revisions"}],"predecessor-version":[{"id":4582,"href":"http:\/\/www.aks-metzingen.eu\/aks\/wp-json\/wp\/v2\/posts\/4578\/revisions\/4582"}],"wp:attachment":[{"href":"http:\/\/www.aks-metzingen.eu\/aks\/wp-json\/wp\/v2\/media?parent=4578"}],"wp:term":[{"taxonomy":"category","embeddable":true,"href":"http:\/\/www.aks-metzingen.eu\/aks\/wp-json\/wp\/v2\/categories?post=4578"},{"taxonomy":"post_tag","embeddable":true,"href":"http:\/\/www.aks-metzingen.eu\/aks\/wp-json\/wp\/v2\/tags?post=4578"}],"curies":[{"name":"wp","href":"https:\/\/api.w.org\/{rel}","templated":true}]}}