{"id":2274,"date":"2018-11-14T14:43:13","date_gmt":"2018-11-14T13:43:13","guid":{"rendered":"http:\/\/www.aks-metzingen.eu\/aks\/?p=2274"},"modified":"2019-04-18T13:55:17","modified_gmt":"2019-04-18T11:55:17","slug":"zehntes-metzinger-krautwickelessen-mit-festvortrag-sitten-und-gebraeuche-der-kelten","status":"publish","type":"post","link":"http:\/\/www.aks-metzingen.eu\/aks\/zehntes-metzinger-krautwickelessen-mit-festvortrag-sitten-und-gebraeuche-der-kelten\/","title":{"rendered":"Zehntes Metzinger Krautwickelessen mit Festvortrag \u201eSitten und Gebr\u00e4uche der Kelten\u201c"},"content":{"rendered":"<p><a href=\"http:\/\/www.aks-metzingen.eu\/aks\/wp-content\/uploads\/2018\/11\/20141128-2-02909.1.jpg\"><img loading=\"lazy\" decoding=\"async\" class=\"wp-image-2275 size-thumbnail alignleft\" src=\"http:\/\/www.aks-metzingen.eu\/aks\/wp-content\/uploads\/2018\/11\/20141128-2-02909.1-150x150.jpg\" alt=\"\" width=\"150\" height=\"150\"\/><\/a>&nbsp;&nbsp;&nbsp;&nbsp;&nbsp;&nbsp;&nbsp;&nbsp;&nbsp;&nbsp;&nbsp;&nbsp;&nbsp;&nbsp;&nbsp;&nbsp;&nbsp;&nbsp;&nbsp;&nbsp;&nbsp;&nbsp;&nbsp;&nbsp;&nbsp;&nbsp;&nbsp;&nbsp;&nbsp;&nbsp;&nbsp;&nbsp;&nbsp;&nbsp;&nbsp;&nbsp;&nbsp;&nbsp;&nbsp;&nbsp;&nbsp;&nbsp;&nbsp;&nbsp;&nbsp;&nbsp;&nbsp;&nbsp;&nbsp;&nbsp;&nbsp;<\/p>\n<p>Am Freitag, 30. November 2018, l\u00e4dt der Arbeitskreis Stadtgeschichte um 19 Uhr zu seinem traditionellen Krautwickelessen in die Festkelter ein. Musikalisch umrahmt wird die Veranstaltung vom <a href=\"http:\/\/www.jazznstuff.de\/\" target=\"_blank\" rel=\"noopener noreferrer\">Jazz\u00b4n\u00b4Stuff-Ensemble<\/a> mit J\u00fcrgen H\u00e4ussler und Jochen Probst.<!--more--><\/p>\n<p><a href=\"http:\/\/www.aks-metzingen.eu\/aks\/wp-content\/uploads\/2018\/11\/RTEmagicC_Foto.Maier_01.jpg.jpg\"><img loading=\"lazy\" decoding=\"async\" class=\"size-medium wp-image-2277 alignleft\" src=\"http:\/\/www.aks-metzingen.eu\/aks\/wp-content\/uploads\/2018\/11\/RTEmagicC_Foto.Maier_01.jpg-225x300.jpg\" alt=\"\" width=\"225\" height=\"300\" srcset=\"http:\/\/www.aks-metzingen.eu\/aks\/wp-content\/uploads\/2018\/11\/RTEmagicC_Foto.Maier_01.jpg-225x300.jpg 225w, http:\/\/www.aks-metzingen.eu\/aks\/wp-content\/uploads\/2018\/11\/RTEmagicC_Foto.Maier_01.jpg.jpg 300w\" sizes=\"auto, (max-width: 225px) 100vw, 225px\" \/><\/a><strong>Professor Dr. Bernhard Maier<\/strong> von der Universit\u00e4t T\u00fcbingen bietet in seinem Festvortrag \u201eZu Tisch bei den Kelten: Speisen, Sitten und Gebr\u00e4uche\u201c einen interessanten Einblick in die Welt der Kelten, die in unserer Gegend bedeutende, noch heute weithin sichtbare Spuren hinterlassen haben. Der Heidengraben, das keltische Oppidum auf der Schw\u00e4bischen Alb, eines der bedeutendsten und bekanntesten arch\u00e4ologischen Denkm\u00e4ler Baden-W\u00fcrttembergs, ist in unserer Nachbarschaft. Die gro\u00dfartige Heuneburg bei Hundersingen ist nicht weit weg. Die Heuneburg erlebte ihre Hochbl\u00fcte in der fr\u00fchkeltischen Eisenzeit vom ausgehenden 7. Jahrhundert v. Chr. bis gegen 400 v. Chr..<br \/>\nProfessor Dr. Bernhard Maier ist seit 2006 Professor f\u00fcr Allgemeine Religionswissenschaft in T\u00fcbingen. Seine Forschungsschwerpunkte sind die Religionsgeschichte der Kelten und Germanen. Wir d\u00fcrfen uns auf einen lebendigen, anschaulichen und interessanten Vortrag freuen. Auch musikalisch wird an diesem Abend wieder einiges geboten sein: Das Jazz\u00b4n\u00b4Stuff-Ensemble sorgt f\u00fcr den guten Ton. Im Laufe des Abends informiert Dr. Fritz Kemmler \u00fcber die geplante Jahresexkursion 2019 nach S\u00fcdtirol. Die Festkelter erwartet sie herbstlich geschm\u00fcckt und die Besucherinnen und Besucher k\u00f6nnen sich auf einen unterhaltsamen Abend mit einem leckeren Krautwickelessen freuen. Der Arbeitskreis Stadtgeschichte freut sich \u00fcber viele G\u00e4ste.<br \/>\nKarten f\u00fcr den Abend gibt es bis zum 27. November 2018 f\u00fcr 20 Euro \u2013 darin ist der Eintritt und das Essen enthalten \u2013 im Vorverkauf bei der Buchhandlung Stoll, bei der Buchhandlung Widmann und der Touristinformation am Lindenplatz. Saal-\u00d6ffnung ist um 18.30 Uhr<\/p>\n","protected":false},"excerpt":{"rendered":"<p>&nbsp;&nbsp;&nbsp;&nbsp;&nbsp;&nbsp;&nbsp;&nbsp;&nbsp;&nbsp;&nbsp;&nbsp;&nbsp;&nbsp;&nbsp;&nbsp;&nbsp;&nbsp;&nbsp;&nbsp;&nbsp;&nbsp;&nbsp;&nbsp;&nbsp;&nbsp;&nbsp;&nbsp;&nbsp;&nbsp;&nbsp;&nbsp;&nbsp;&nbsp;&nbsp;&nbsp;&nbsp;&nbsp;&nbsp;&nbsp;&nbsp;&nbsp;&nbsp;&nbsp;&nbsp;&nbsp;&nbsp;&nbsp;&nbsp;&nbsp;&nbsp; Am Freitag, 30. November 2018, l\u00e4dt der Arbeitskreis Stadtgeschichte um 19 Uhr zu seinem traditionellen Krautwickelessen in die Festkelter ein. Musikalisch umrahmt wird die Veranstaltung vom Jazz\u00b4n\u00b4Stuff-Ensemble mit J\u00fcrgen H\u00e4ussler und Jochen Probst.<\/p>\n","protected":false},"author":6,"featured_media":0,"comment_status":"closed","ping_status":"closed","sticky":false,"template":"","format":"standard","meta":{"ngg_post_thumbnail":0,"footnotes":""},"categories":[1],"tags":[],"class_list":["post-2274","post","type-post","status-publish","format-standard","hentry","category-allgemein"],"_links":{"self":[{"href":"http:\/\/www.aks-metzingen.eu\/aks\/wp-json\/wp\/v2\/posts\/2274","targetHints":{"allow":["GET"]}}],"collection":[{"href":"http:\/\/www.aks-metzingen.eu\/aks\/wp-json\/wp\/v2\/posts"}],"about":[{"href":"http:\/\/www.aks-metzingen.eu\/aks\/wp-json\/wp\/v2\/types\/post"}],"author":[{"embeddable":true,"href":"http:\/\/www.aks-metzingen.eu\/aks\/wp-json\/wp\/v2\/users\/6"}],"replies":[{"embeddable":true,"href":"http:\/\/www.aks-metzingen.eu\/aks\/wp-json\/wp\/v2\/comments?post=2274"}],"version-history":[{"count":6,"href":"http:\/\/www.aks-metzingen.eu\/aks\/wp-json\/wp\/v2\/posts\/2274\/revisions"}],"predecessor-version":[{"id":2374,"href":"http:\/\/www.aks-metzingen.eu\/aks\/wp-json\/wp\/v2\/posts\/2274\/revisions\/2374"}],"wp:attachment":[{"href":"http:\/\/www.aks-metzingen.eu\/aks\/wp-json\/wp\/v2\/media?parent=2274"}],"wp:term":[{"taxonomy":"category","embeddable":true,"href":"http:\/\/www.aks-metzingen.eu\/aks\/wp-json\/wp\/v2\/categories?post=2274"},{"taxonomy":"post_tag","embeddable":true,"href":"http:\/\/www.aks-metzingen.eu\/aks\/wp-json\/wp\/v2\/tags?post=2274"}],"curies":[{"name":"wp","href":"https:\/\/api.w.org\/{rel}","templated":true}]}}