{"id":2100,"date":"2018-01-26T20:07:12","date_gmt":"2018-01-26T19:07:12","guid":{"rendered":"http:\/\/www.aks-metzingen.eu\/aks\/?p=2100"},"modified":"2018-01-26T20:07:12","modified_gmt":"2018-01-26T19:07:12","slug":"aus-dem-alltag-einer-kinderreichen-familie","status":"publish","type":"post","link":"http:\/\/www.aks-metzingen.eu\/aks\/aus-dem-alltag-einer-kinderreichen-familie\/","title":{"rendered":"\u201eAus dem Alltag einer kinderreichen Familie\u201c"},"content":{"rendered":"<p>So lautet der Titel von Gerhard Sieglochs Erinnerungsbuch an seine Mutter. Der sch\u00f6ne, reich bebilderte Band (Gro\u00dfformat, fester Einband, 166 Seiten) ist eine Hommage des Autors an seine vor acht Jahren verstorbene Mutter Johanna Pauline Siegloch, geb. Fritz.<\/p>\n<p style=\"text-align: center;\"><a href=\"http:\/\/www.aks-metzingen.eu\/aks\/wp-content\/uploads\/2018\/01\/BuchumschlagISiegloch5e.jpg\"><img loading=\"lazy\" decoding=\"async\" class=\"size-medium wp-image-2102 alignnone\" src=\"http:\/\/www.aks-metzingen.eu\/aks\/wp-content\/uploads\/2018\/01\/BuchumschlagISiegloch5e-224x300.jpg\" alt=\"\" width=\"224\" height=\"300\" srcset=\"http:\/\/www.aks-metzingen.eu\/aks\/wp-content\/uploads\/2018\/01\/BuchumschlagISiegloch5e-224x300.jpg 224w, http:\/\/www.aks-metzingen.eu\/aks\/wp-content\/uploads\/2018\/01\/BuchumschlagISiegloch5e-768x1031.jpg 768w, http:\/\/www.aks-metzingen.eu\/aks\/wp-content\/uploads\/2018\/01\/BuchumschlagISiegloch5e-763x1024.jpg 763w\" sizes=\"auto, (max-width: 224px) 100vw, 224px\" \/><\/a><a href=\"http:\/\/www.aks-metzingen.eu\/aks\/wp-content\/uploads\/2018\/01\/IMG_20171116_0003.png\">\u00a0\u00a0\u00a0\u00a0\u00a0\u00a0\u00a0\u00a0\u00a0\u00a0\u00a0\u00a0\u00a0\u00a0\u00a0\u00a0\u00a0 <img loading=\"lazy\" decoding=\"async\" class=\"size-medium wp-image-2105 alignnone\" src=\"http:\/\/www.aks-metzingen.eu\/aks\/wp-content\/uploads\/2018\/01\/IMG_20171116_0003-223x300.png\" alt=\"\" width=\"223\" height=\"300\" srcset=\"http:\/\/www.aks-metzingen.eu\/aks\/wp-content\/uploads\/2018\/01\/IMG_20171116_0003-223x300.png 223w, http:\/\/www.aks-metzingen.eu\/aks\/wp-content\/uploads\/2018\/01\/IMG_20171116_0003-768x1031.png 768w, http:\/\/www.aks-metzingen.eu\/aks\/wp-content\/uploads\/2018\/01\/IMG_20171116_0003-763x1024.png 763w\" sizes=\"auto, (max-width: 223px) 100vw, 223px\" \/><\/a><\/p>\n<p><!--more-->Sie wuchs mit zw\u00f6lf Geschwistern auf. Als siebtes Kind von Johanna und Gottfried Fritz war sie \u201edie goldene Mitte\u201c in der gro\u00dfen Kinderschar. Sie wurde 90 Jahre alt.<br \/>\nGerhard Siegloch gelingt es meisterhaft, einzelne \u201eGeschichtla\u201c aus der Familie seiner Mutter zu einem gro\u00dfen Ganzen zusammen zu f\u00fcgen. Er verbindet seine Geschichten und Anekdoten oft mit ausdrucksvollen Bildern und wechselt in seinem Text immer wieder zwischen dem Schw\u00e4bischen und dem Hochdeutschen. Er liebt es, Zeitzeugenberichte und Aussagen aus seiner reichen Familiensammlung immer wieder im originalen schw\u00e4bischen Wortlaut zu zitieren. Sein Buch bekommt dadurch einen besonderen, unverwechselbaren Ton. Es ist in erster Linie f\u00fcr seine Familie, f\u00fcr Verwandte und Bekannte geschrieben, ist aber auch eine Fundgrube f\u00fcr jeden geschichtlich Interessierten.<br \/>\nFotografien bekannter Metzinger Geb\u00e4ude werden im Gro\u00dfformat wiedergegeben, so beispielsweise das ehemalige Gasthaus Ochsen an der Ecke der fr\u00fcheren Bahnhofstra\u00dfe (sie wurde in der NS-Zeit in Hindenburgstra\u00dfe umbenannt) und der Schlossstra\u00dfe. Besonders eindrucksvoll ist auch das Foto der Sieben-Keltern-Schule. Andere Bilder zeugen von der Landwirtschaft, der Arbeit der \u201eWengerter\u201c und den Freizeitaktivit\u00e4ten in der ersten H\u00e4lfte des 20. Jahrhunderts. Scans von Werbekatalogen aus dem Ende des 19. Jahrhunderts gestatten Einblicke in die damalige Gesellschaft und Wirtschaftswelt. Was interessierte die damaligen Hausfrauen, Handwerker, Arbeiter und Bauern? Was geh\u00f6rte zu einer \u201egehobenen\u201c Lebensweise? Dar\u00fcber erfahren wir manches in diesem Buch.<br \/>\nDie NS-Zeit ist ebenfalls gut dokumentiert. Wir lesen mit Schrecken, dass sechs Br\u00fcder von Johanna Fritz in den Krieg ziehen mussten und zwei von ihnen gefallen und zwei vermisst sind. Die Familienalben geben Einblicke in das Kriegsgeschehen an der Front und in der Heimat. Gerhard Siegloch skizziert abschlie\u00dfend das Familienleben in der Nachkriegszeit, sein Schulleben bis zum Abitur und seine Wehrdienstzeit in Landsberg\/Lech. Einige Anekdoten aus seiner Zeit als Lehrer f\u00fcr Mathematik und Physik am Friedrich-List-Gymnasium Reutlingen und am Dietrich-Bonhoeffer-Gymnasium sowie aus der Zeit der letzten Lebensjahre seiner Mutter runden das Buch ab. Es spricht jeden Leser an, der an der Geschichte einer Metzinger Familie interessiert ist. Es ist unterhaltsam und lehrreich. Gerhard Siegloch hat seiner Mutter nicht nur ein Denkmal gesetzt, sondern ein facettenreiches, lesenswertes Buch geschrieben, das sein Sohn Christoph liebevoll und sch\u00f6n gestaltet hat.<br \/>\nEs kann in der Buchhandlung Widmann f\u00fcr 20 Euro erworben werden.<\/p>\n","protected":false},"excerpt":{"rendered":"<p>So lautet der Titel von Gerhard Sieglochs Erinnerungsbuch an seine Mutter. Der sch\u00f6ne, reich bebilderte Band (Gro\u00dfformat, fester Einband, 166 Seiten) ist eine Hommage des Autors an seine vor acht Jahren verstorbene Mutter Johanna Pauline Siegloch, geb. Fritz. \u00a0\u00a0\u00a0\u00a0\u00a0\u00a0\u00a0\u00a0\u00a0\u00a0\u00a0\u00a0\u00a0\u00a0\u00a0\u00a0\u00a0<\/p>\n","protected":false},"author":6,"featured_media":0,"comment_status":"closed","ping_status":"closed","sticky":false,"template":"","format":"standard","meta":{"ngg_post_thumbnail":0,"footnotes":""},"categories":[1],"tags":[],"class_list":["post-2100","post","type-post","status-publish","format-standard","hentry","category-allgemein"],"_links":{"self":[{"href":"http:\/\/www.aks-metzingen.eu\/aks\/wp-json\/wp\/v2\/posts\/2100","targetHints":{"allow":["GET"]}}],"collection":[{"href":"http:\/\/www.aks-metzingen.eu\/aks\/wp-json\/wp\/v2\/posts"}],"about":[{"href":"http:\/\/www.aks-metzingen.eu\/aks\/wp-json\/wp\/v2\/types\/post"}],"author":[{"embeddable":true,"href":"http:\/\/www.aks-metzingen.eu\/aks\/wp-json\/wp\/v2\/users\/6"}],"replies":[{"embeddable":true,"href":"http:\/\/www.aks-metzingen.eu\/aks\/wp-json\/wp\/v2\/comments?post=2100"}],"version-history":[{"count":4,"href":"http:\/\/www.aks-metzingen.eu\/aks\/wp-json\/wp\/v2\/posts\/2100\/revisions"}],"predecessor-version":[{"id":2109,"href":"http:\/\/www.aks-metzingen.eu\/aks\/wp-json\/wp\/v2\/posts\/2100\/revisions\/2109"}],"wp:attachment":[{"href":"http:\/\/www.aks-metzingen.eu\/aks\/wp-json\/wp\/v2\/media?parent=2100"}],"wp:term":[{"taxonomy":"category","embeddable":true,"href":"http:\/\/www.aks-metzingen.eu\/aks\/wp-json\/wp\/v2\/categories?post=2100"},{"taxonomy":"post_tag","embeddable":true,"href":"http:\/\/www.aks-metzingen.eu\/aks\/wp-json\/wp\/v2\/tags?post=2100"}],"curies":[{"name":"wp","href":"https:\/\/api.w.org\/{rel}","templated":true}]}}