{"id":2083,"date":"2018-01-08T17:33:28","date_gmt":"2018-01-08T16:33:28","guid":{"rendered":"http:\/\/www.aks-metzingen.eu\/aks\/?p=2083"},"modified":"2018-01-26T20:26:37","modified_gmt":"2018-01-26T19:26:37","slug":"einladung-zur-exkursion-des-aks-ins-muensterland-und-nach-osnabrueck","status":"publish","type":"post","link":"http:\/\/www.aks-metzingen.eu\/aks\/einladung-zur-exkursion-des-aks-ins-muensterland-und-nach-osnabrueck\/","title":{"rendered":"Einladung zur Exkursion des AKS ins M\u00fcnsterland und nach Osnabr\u00fcck"},"content":{"rendered":"<div id=\"attachment_2084\" style=\"width: 163px\" class=\"wp-caption alignleft\"><a href=\"http:\/\/www.aks-metzingen.eu\/aks\/wp-content\/uploads\/2018\/01\/RathausM\u00fcnster.jpg\"><img loading=\"lazy\" decoding=\"async\" aria-describedby=\"caption-attachment-2084\" class=\"wp-image-2084 size-medium\" src=\"http:\/\/www.aks-metzingen.eu\/aks\/wp-content\/uploads\/2018\/01\/RathausM\u00fcnster-153x300.jpg\" alt=\"\" width=\"153\" height=\"300\" srcset=\"http:\/\/www.aks-metzingen.eu\/aks\/wp-content\/uploads\/2018\/01\/RathausM\u00fcnster-153x300.jpg 153w, http:\/\/www.aks-metzingen.eu\/aks\/wp-content\/uploads\/2018\/01\/RathausM\u00fcnster-768x1509.jpg 768w, http:\/\/www.aks-metzingen.eu\/aks\/wp-content\/uploads\/2018\/01\/RathausM\u00fcnster-521x1024.jpg 521w, http:\/\/www.aks-metzingen.eu\/aks\/wp-content\/uploads\/2018\/01\/RathausM\u00fcnster.jpg 1014w\" sizes=\"auto, (max-width: 153px) 100vw, 153px\" \/><\/a><p id=\"caption-attachment-2084\" class=\"wp-caption-text\">Rathaus M\u00fcnster<\/p><\/div>\n<p>Der Arbeitskreis Stadtgeschichte f\u00e4hrt vom Pfingstmontag, 21. Mai bis zum Samstag, 26. Mai 2018 ins M\u00fcnsterland und nach Osnabr\u00fcck.<br \/>\nKennen Sie M\u00fcnster, die Stadt der Wiedert\u00e4ufer und des Westf\u00e4lischen Friedens von 1648? Und waren Sie schon einmal in Osnabr\u00fcck, in dem 1648 ebenfalls der Frieden geschlossen wurde? Zwei trotz der Zerst\u00f6rungen des letzten Krieges sehr eindrucksvolle St\u00e4dte mit gro\u00dfer Vergangenheit und lebendiger Gegenwart erwarten uns. Das M\u00fcnsterland ist ber\u00fchmt f\u00fcr seine St\u00e4dte, Schl\u00f6sser, Wasserburgen und Herrensitze.<!--more--><\/p>\n<div id=\"attachment_2085\" style=\"width: 310px\" class=\"wp-caption alignright\"><a href=\"http:\/\/www.aks-metzingen.eu\/aks\/wp-content\/uploads\/2018\/01\/Burg-Anholt-Westfassade-2012.jpg\"><img loading=\"lazy\" decoding=\"async\" aria-describedby=\"caption-attachment-2085\" class=\"wp-image-2085 size-medium\" src=\"http:\/\/www.aks-metzingen.eu\/aks\/wp-content\/uploads\/2018\/01\/Burg-Anholt-Westfassade-2012-300x203.jpg\" alt=\"\" width=\"300\" height=\"203\" srcset=\"http:\/\/www.aks-metzingen.eu\/aks\/wp-content\/uploads\/2018\/01\/Burg-Anholt-Westfassade-2012-300x203.jpg 300w, http:\/\/www.aks-metzingen.eu\/aks\/wp-content\/uploads\/2018\/01\/Burg-Anholt-Westfassade-2012-768x519.jpg 768w, http:\/\/www.aks-metzingen.eu\/aks\/wp-content\/uploads\/2018\/01\/Burg-Anholt-Westfassade-2012-1024x692.jpg 1024w, http:\/\/www.aks-metzingen.eu\/aks\/wp-content\/uploads\/2018\/01\/Burg-Anholt-Westfassade-2012-444x300.jpg 444w\" sizes=\"auto, (max-width: 300px) 100vw, 300px\" \/><\/a><p id=\"caption-attachment-2085\" class=\"wp-caption-text\">Die Wasserburg Anholt<\/p><\/div>\n<p>&nbsp;<\/p>\n<p>&nbsp;<\/p>\n<p>&nbsp;<\/p>\n<p>Die Exkursion lenkt Ihren Blick auf seine rund 1200-j\u00e4hrige sichtbar gebliebene Geschichte und auf die Spuren der R\u00f6merzeit. Sie fahren mit einem 4 Sterne Bus der Firma Bader und \u00fcbernachten in dem 4-Sterne Parkhotel Hohenfeld am Stadtrand von M\u00fcnster.<br \/>\nAuf der Hinfahrt wird Schloss Raesfeld, ein imposantes Wasserschloss aus dem 17. Jahrhundert mit einem Tiergarten besucht. Am n\u00e4chsten Tag lernen wir mit F\u00fchrungen am Vor- und Nachmittag M\u00fcnster kennen, die 1200 Jahre alte Bischofs- und Hansestadt mit ihren gro\u00dfartigen Kirchen, dem Prinzipalmarkt, dem Historischen Rathaus und dem barocken Viertel. Heute ist sie Hauptstadt eines Regierungsbezirks, bedeutende Universit\u00e4ts- und Kunststadt und die \u201eFahrradhauptstadt\u201c Deutschlands. Am folgenden Tag beobachten wir die ber\u00fchmten D\u00fclmener Wildpferde, erkunden die Geschichte der R\u00f6mer im R\u00f6mermuseum Haltern am See und besuchen nachmittags mit der Burg Vischering einen typischen m\u00fcnsterl\u00e4ndischen Adelssitz der Renaissance. Dann wandeln wir auf den Spuren der Dichterin Annette von Droste-H\u00fclshoff im R\u00fcschhaus, einem barocken Kleinod und in der romantischen Wasserburg Burg H\u00fclshoff.<br \/>\nAm vierten Tag fahren wir nach Burgsteinfuhrt und nach Bad Bentheim und werden dort und in der Umgebung beider St\u00e4dte weitere sehenswerte wehrhafte Burgen, englische Landschaftsparks, Herrensitze und andere Bauten kennen lernen.<br \/>\nOsnabr\u00fcck ist am Tag darauf unser erstes Ziel. Nach der Stadtf\u00fchrung h\u00f6ren wir die Orgel in St. Marien, der gotischen, evangelischen Marktkirche aus dem 13. und 14. Jahrhundert. Am Nachmittag erfahren wir im Museum Kalkriese, welche Spuren die Varusschlacht (9 n. Chr.) hinterlassen hat und lernen noch das kleine, malerische Tecklenburg kennen. Auf der R\u00fcckfahrt am Samstag besichtigen wir das s\u00fcdlich von M\u00fcnster gelegene \u201ewestf\u00e4lische Versailles\u201c Nordkirchen mit seinem gro\u00dfartigen Park.<br \/>\nDie Exkursion wird zusammen mit der Familienbildungsarbeit der Evangelischen Gesamtkirchengemeinde durchgef\u00fchrt. Begleiter sind Dr. Karl Weitnauer und Rudolf Renz. Sie k\u00f6nnen sich noch bis 29. M\u00e4rz bei Dr. Karl Weitnauer Tel. 60489 oder bei Frau Prax (fba) Tel. 92030 anmelden. Sollte die Teilnehmerzahl fr\u00fcher erreicht sein, werden Sie informiert. Die Kosten betragen 625 Euro ohne EZ-Zuschlag, darin sind enthalten die Fahrtkosten, das Hotel mit Halbpension, die F\u00fchrungen und die Reisekostenversicherung. Alle Teilnehmer erhalten noch ein Faltblatt mit dem ausf\u00fchrlichen Programm und weitere Unterlagen.<\/p>\n<p><em>Bildnachweis:<\/em><br \/>\n<em>Historisches Rathaus M\u00fcnster: Wikipedia, von Florian Adler (schlendrian) &#8211; Eigenes Werk, CC BY 2.5, https:\/\/commons.wikimedia.org\/w\/index.php?curid=334070<\/em><br \/>\n<em><span class=\"mw-mmv-title\">Die Wasserburg Anholt<\/span>: Wikipedia, von Tuxyso \/ Wikimedia Commons, CC BY-SA 3.0, https:\/\/commons.wikimedia.org\/w\/index.php?curid=20473008<\/em><\/p>\n","protected":false},"excerpt":{"rendered":"<p>Der Arbeitskreis Stadtgeschichte f\u00e4hrt vom Pfingstmontag, 21. Mai bis zum Samstag, 26. Mai 2018 ins M\u00fcnsterland und nach Osnabr\u00fcck. Kennen Sie M\u00fcnster, die Stadt der Wiedert\u00e4ufer und des Westf\u00e4lischen Friedens von 1648? Und waren Sie schon einmal in Osnabr\u00fcck, in &hellip; <a href=\"http:\/\/www.aks-metzingen.eu\/aks\/einladung-zur-exkursion-des-aks-ins-muensterland-und-nach-osnabrueck\/\">Weiterlesen <span class=\"meta-nav\">&rarr;<\/span><\/a><\/p>\n","protected":false},"author":6,"featured_media":0,"comment_status":"closed","ping_status":"closed","sticky":false,"template":"","format":"standard","meta":{"ngg_post_thumbnail":0,"footnotes":""},"categories":[1],"tags":[],"class_list":["post-2083","post","type-post","status-publish","format-standard","hentry","category-allgemein"],"_links":{"self":[{"href":"http:\/\/www.aks-metzingen.eu\/aks\/wp-json\/wp\/v2\/posts\/2083","targetHints":{"allow":["GET"]}}],"collection":[{"href":"http:\/\/www.aks-metzingen.eu\/aks\/wp-json\/wp\/v2\/posts"}],"about":[{"href":"http:\/\/www.aks-metzingen.eu\/aks\/wp-json\/wp\/v2\/types\/post"}],"author":[{"embeddable":true,"href":"http:\/\/www.aks-metzingen.eu\/aks\/wp-json\/wp\/v2\/users\/6"}],"replies":[{"embeddable":true,"href":"http:\/\/www.aks-metzingen.eu\/aks\/wp-json\/wp\/v2\/comments?post=2083"}],"version-history":[{"count":3,"href":"http:\/\/www.aks-metzingen.eu\/aks\/wp-json\/wp\/v2\/posts\/2083\/revisions"}],"predecessor-version":[{"id":2111,"href":"http:\/\/www.aks-metzingen.eu\/aks\/wp-json\/wp\/v2\/posts\/2083\/revisions\/2111"}],"wp:attachment":[{"href":"http:\/\/www.aks-metzingen.eu\/aks\/wp-json\/wp\/v2\/media?parent=2083"}],"wp:term":[{"taxonomy":"category","embeddable":true,"href":"http:\/\/www.aks-metzingen.eu\/aks\/wp-json\/wp\/v2\/categories?post=2083"},{"taxonomy":"post_tag","embeddable":true,"href":"http:\/\/www.aks-metzingen.eu\/aks\/wp-json\/wp\/v2\/tags?post=2083"}],"curies":[{"name":"wp","href":"https:\/\/api.w.org\/{rel}","templated":true}]}}