{"id":1084,"date":"2014-12-10T10:50:45","date_gmt":"2014-12-10T09:50:45","guid":{"rendered":"http:\/\/www.aks-metzingen.eu\/aks\/?p=1084"},"modified":"2021-02-11T16:31:43","modified_gmt":"2021-02-11T15:31:43","slug":"kgl-wuertt-krautwickelessen","status":"publish","type":"post","link":"http:\/\/www.aks-metzingen.eu\/aks\/kgl-wuertt-krautwickelessen\/","title":{"rendered":"Kgl. W\u00fcrtt. Krautwickelessen"},"content":{"rendered":"<p><a href=\"http:\/\/www.aks-metzingen.eu\/aks\/wp-content\/uploads\/2011\/11\/Krauthaupt.jpg\"><img loading=\"lazy\" decoding=\"async\" class=\"alignleft wp-image-188 size-thumbnail\" src=\"http:\/\/www.aks-metzingen.eu\/aks\/wp-content\/uploads\/2011\/11\/Krauthaupt-150x150.jpg\" alt=\"Krauthaupt\" width=\"150\" height=\"150\"\/><\/a>Zwei Krautwickel mit So\u00dfe, Kartoffelbrei und dazu einen interessanten Vortrag: fertig ist das Men\u00fc, das auch diesmal, beim 7. Krautwickelessen, zu dem der Arbeitskreis Stadtgeschichte \u2013 Geschichtsverein Metzingen in die Festkelter eingeladen hatte, jedem geschmeckt hat.<br \/>\nZum ersten Mal er\u00f6ffnete Rudolf Renz, der neue Vorsitzende des AKS, den Abend. Seinen Vorg\u00e4nger den Ehrenvorsitzenden Peter Rogosch konnte er leider nicht&nbsp; begr\u00fc\u00dfen, da dieser aus Krankheitsgr\u00fcnden nicht teilnehmen konnte. So fielen diesmal auch die \u201eKrautwickelnachrichten\u201c aus. <!--more--><a href=\"http:\/\/www.aks-metzingen.eu\/aks\/wp-content\/uploads\/2014\/12\/20141128-2-02873.jpg\"><img loading=\"lazy\" decoding=\"async\" class=\"alignleft wp-image-1108 size-medium\" src=\"http:\/\/www.aks-metzingen.eu\/aks\/wp-content\/uploads\/2014\/12\/20141128-2-02873-300x200.jpg\" alt=\"20141128-2-02873\" width=\"300\" height=\"200\" srcset=\"http:\/\/www.aks-metzingen.eu\/aks\/wp-content\/uploads\/2014\/12\/20141128-2-02873-300x200.jpg 300w, http:\/\/www.aks-metzingen.eu\/aks\/wp-content\/uploads\/2014\/12\/20141128-2-02873-450x300.jpg 450w, http:\/\/www.aks-metzingen.eu\/aks\/wp-content\/uploads\/2014\/12\/20141128-2-02873.jpg 960w\" sizes=\"auto, (max-width: 300px) 100vw, 300px\" \/><\/a>Rudolf Renz erinnerte an den Ersten Weltkrieg, und die Bezeichnung \u201eKrauts\u201c, die von den Engl\u00e4ndern als Schimpfwort gedacht war. Im Laufe der Zeit hat sich die Beziehung der V\u00f6lker ge\u00e4ndert, wie sich auch in der Partnerschaft mit Hexham zeigt.<br \/>\n<a href=\"http:\/\/www.aks-metzingen.eu\/aks\/wp-content\/uploads\/2014\/12\/20141128-2-02892.jpg\"><img loading=\"lazy\" decoding=\"async\" class=\"alignleft wp-image-1110 size-medium\" src=\"http:\/\/www.aks-metzingen.eu\/aks\/wp-content\/uploads\/2014\/12\/20141128-2-02892-300x200.jpg\" alt=\"20141128-2-02892\" width=\"300\" height=\"200\" srcset=\"http:\/\/www.aks-metzingen.eu\/aks\/wp-content\/uploads\/2014\/12\/20141128-2-02892-300x200.jpg 300w, http:\/\/www.aks-metzingen.eu\/aks\/wp-content\/uploads\/2014\/12\/20141128-2-02892-450x300.jpg 450w, http:\/\/www.aks-metzingen.eu\/aks\/wp-content\/uploads\/2014\/12\/20141128-2-02892.jpg 960w\" sizes=\"auto, (max-width: 300px) 100vw, 300px\" \/><\/a><\/p>\n<p>Oberb\u00fcrgermeister Dr. Fiedler sprach \u00fcber die neuesten kommunalen Themen und erheblichen Investitionen, z. B. f\u00fcr die Sanierung der \u201eSieben-Keltern-Schule\u201c. Dann kam er zum Kulinarischen. Da Schwaben, wenn \u00fcberhaupt, \u201ehehlenge&#8216; reich\u201c sind, zeigen sie ihren Reichtum und auch das Fleisch nicht, sondern verpacken es, zum Beispiel mit Kraut. Wie K\u00f6nig Wilhelm II. wohl gespeist habe, fragte der OB.<br \/>\n<a href=\"http:\/\/www.aks-metzingen.eu\/aks\/wp-content\/uploads\/2014\/12\/20141128-2-02904.jpg\"><img loading=\"lazy\" decoding=\"async\" class=\"alignleft wp-image-1093 size-medium\" src=\"http:\/\/www.aks-metzingen.eu\/aks\/wp-content\/uploads\/2014\/12\/20141128-2-02904-300x200.jpg\" alt=\"20141128-2-02904\" width=\"300\" height=\"200\" srcset=\"http:\/\/www.aks-metzingen.eu\/aks\/wp-content\/uploads\/2014\/12\/20141128-2-02904-300x200.jpg 300w, http:\/\/www.aks-metzingen.eu\/aks\/wp-content\/uploads\/2014\/12\/20141128-2-02904-450x300.jpg 450w, http:\/\/www.aks-metzingen.eu\/aks\/wp-content\/uploads\/2014\/12\/20141128-2-02904.jpg 960w\" sizes=\"auto, (max-width: 300px) 100vw, 300px\" \/><\/a><a href=\"http:\/\/www.aks-metzingen.eu\/aks\/wp-content\/uploads\/2014\/12\/20141128-2-02959.jpg\"><img loading=\"lazy\" decoding=\"async\" class=\"alignleft wp-image-1094 size-medium\" src=\"http:\/\/www.aks-metzingen.eu\/aks\/wp-content\/uploads\/2014\/12\/20141128-2-02959-300x200.jpg\" alt=\"20141128-2-02959\" width=\"300\" height=\"200\" srcset=\"http:\/\/www.aks-metzingen.eu\/aks\/wp-content\/uploads\/2014\/12\/20141128-2-02959-300x200.jpg 300w, http:\/\/www.aks-metzingen.eu\/aks\/wp-content\/uploads\/2014\/12\/20141128-2-02959-450x300.jpg 450w, http:\/\/www.aks-metzingen.eu\/aks\/wp-content\/uploads\/2014\/12\/20141128-2-02959.jpg 960w\" sizes=\"auto, (max-width: 300px) 100vw, 300px\" \/><\/a><br \/>\nDann kam der kulinarische Teil, und man lie\u00df sich die Krautwickel k\u00f6niglich schmecken.<\/p>\n<p>&nbsp;<\/p>\n<p>&nbsp;<\/p>\n<p>&nbsp;<\/p>\n<p>Zum ersten Mal dabei: das Duo \u201e<span style=\"text-decoration: underline;\"><a title=\"Jazz'n'Stuff\" href=\"http:\/\/www.jazznstuff.de\" target=\"_blank\" rel=\"noopener\">Jazz&#8217;n&#8217;Stuff<\/a><\/span>\u201c mit J\u00fcrgen H\u00e4ussler (Saxofon), Lehrer an der Metzinger Musikschule, und Jochen Probst (Gitarre), Lehrer an der Pfullinger Musikschule. Ihre entspannte Hintergrundmusik gefiel auf Anhieb und machte Appetit auf Wiederholungen.<\/p>\n<p><span style=\"color: #000000;\"><a href=\"http:\/\/www.aks-metzingen.eu\/aks\/wp-content\/uploads\/2014\/12\/WilhelmII.jpg\"><img loading=\"lazy\" decoding=\"async\" class=\"alignleft wp-image-1098 size-medium\" src=\"http:\/\/www.aks-metzingen.eu\/aks\/wp-content\/uploads\/2014\/12\/WilhelmII-300x284.jpg\" alt=\"WilhelmII\" width=\"300\" height=\"284\" srcset=\"http:\/\/www.aks-metzingen.eu\/aks\/wp-content\/uploads\/2014\/12\/WilhelmII-300x284.jpg 300w, http:\/\/www.aks-metzingen.eu\/aks\/wp-content\/uploads\/2014\/12\/WilhelmII-316x300.jpg 316w, http:\/\/www.aks-metzingen.eu\/aks\/wp-content\/uploads\/2014\/12\/WilhelmII.jpg 413w\" sizes=\"auto, (max-width: 300px) 100vw, 300px\" \/><\/a>Ob K\u00f6nig Wilhelm II. Krautwickel auf seinem Speisezettel gehabt habe, sei ihm nicht bekannt. Doch Dr. Albrecht Ernst, Archivdirektor im Landesarchiv (Hauptstaatsarchiv) in Stuttgart, hatte f\u00fcr den AKS eine Sensation bereit. Er ist auf ca. 600 pers\u00f6nliche Briefe Wilhelms II. an seine Freunde gesto\u00dfen. Denn eigentlich hatte der K\u00f6nig alle seine pers\u00f6nlichen Schreiben vernichtet.<\/span><\/p>\n<p><span style=\"color: #000000;\">Der letzte w\u00fcrttembergische K\u00f6nig, schon zu Lebzeiten popul\u00e4r, ist immer noch im Ged\u00e4chtnis der W\u00fcrttemberger pr\u00e4sent. So ist erst 1991 ein Bronzedenkmal vor dem Wilhelmspalais aufgestellt worden, das ihn mit seinen beiden Hunden (Spitze) beim Spazierengehen zeigt. <\/span><\/p>\n<p><span style=\"color: #00ff00;\"><span style=\"color: #000000;\"><a href=\"http:\/\/www.aks-metzingen.eu\/aks\/wp-content\/uploads\/2014\/12\/20141128-2-02947.jpg\"><img loading=\"lazy\" decoding=\"async\" class=\"alignleft wp-image-1099 size-medium\" src=\"http:\/\/www.aks-metzingen.eu\/aks\/wp-content\/uploads\/2014\/12\/20141128-2-02947-300x200.jpg\" alt=\"20141128-2-02947\" width=\"300\" height=\"200\" srcset=\"http:\/\/www.aks-metzingen.eu\/aks\/wp-content\/uploads\/2014\/12\/20141128-2-02947-300x200.jpg 300w, http:\/\/www.aks-metzingen.eu\/aks\/wp-content\/uploads\/2014\/12\/20141128-2-02947-450x300.jpg 450w, http:\/\/www.aks-metzingen.eu\/aks\/wp-content\/uploads\/2014\/12\/20141128-2-02947.jpg 960w\" sizes=\"auto, (max-width: 300px) 100vw, 300px\" \/><\/a> Durch die jetzt aufgefundenen Briefe bekommen wir eine sehr pers\u00f6nliche Sicht auf den letzten K\u00f6nig von W\u00fcrttemberg. Kindheit und Jugend und die Freundschaft mit Detlev von Plato und Gottfried von Reden, die von mehr als 50 Jahren Dauer war. In diesen Briefen kommen seine ganzen Gedanken und Gef\u00fchle ans Tageslicht, die so noch nicht bekannt waren. So f\u00fchren diese Briefe zu neuen Bewertungen der Pers\u00f6nlichkeit Wilhelms II. <\/span><\/span><\/p>\n<p><span style=\"color: #000000;\"><a href=\"http:\/\/www.aks-metzingen.eu\/aks\/wp-content\/uploads\/2014\/12\/20141128-2-03017.jpg\"><img loading=\"lazy\" decoding=\"async\" class=\"alignleft wp-image-1104 size-medium\" src=\"http:\/\/www.aks-metzingen.eu\/aks\/wp-content\/uploads\/2014\/12\/20141128-2-03017-300x200.jpg\" alt=\"20141128-2-03017\" width=\"300\" height=\"200\" srcset=\"http:\/\/www.aks-metzingen.eu\/aks\/wp-content\/uploads\/2014\/12\/20141128-2-03017-300x200.jpg 300w, http:\/\/www.aks-metzingen.eu\/aks\/wp-content\/uploads\/2014\/12\/20141128-2-03017-450x300.jpg 450w, http:\/\/www.aks-metzingen.eu\/aks\/wp-content\/uploads\/2014\/12\/20141128-2-03017.jpg 960w\" sizes=\"auto, (max-width: 300px) 100vw, 300px\" \/><\/a>Zum Schluss informierte Dr. Weitnauer \u00fcber die n\u00e4chste Jahresexkursion Ende Mai. Sie geht an den Niederrhein mit den St\u00e4dten Xanten, Wesel, Kleve, Kalkar und Kevelaer.<\/span><\/p>\n<p>Wer will, kann sich noch das <span style=\"text-decoration: underline;\"><a title=\"7. Krautwickelessen\" href=\"http:\/\/www.aks-metzingen.eu\/aks\/albums\/7._Krautwickelessen_2014\/album\" target=\"_blank\" rel=\"noopener\">Album<\/a><\/span> zu Gem\u00fcte f\u00fchren.<br \/>\nIm Ermstal.TV sind zwei Kurzfilme zum Krautwickelessen erschienen:<\/p>\n<div id=\"attachment_1115\" style=\"width: 199px\" class=\"wp-caption alignleft\"><a href=\"http:\/\/ermstal.tv\/krautwickelessen-2014\/\" target=\"_blank\" rel=\"noopener\"><img loading=\"lazy\" decoding=\"async\" aria-describedby=\"caption-attachment-1115\" class=\"wp-image-1115\" src=\"http:\/\/www.aks-metzingen.eu\/aks\/wp-content\/uploads\/2014\/12\/Krautwickel-300x171.png\" alt=\"Krautwickel\" width=\"189\" height=\"108\" srcset=\"http:\/\/www.aks-metzingen.eu\/aks\/wp-content\/uploads\/2014\/12\/Krautwickel-300x171.png 300w, http:\/\/www.aks-metzingen.eu\/aks\/wp-content\/uploads\/2014\/12\/Krautwickel.png 383w\" sizes=\"auto, (max-width: 189px) 100vw, 189px\" \/><\/a><p id=\"caption-attachment-1115\" class=\"wp-caption-text\">7. Krautwickelessen 2014<\/p><\/div>\n<div id=\"attachment_1116\" style=\"width: 202px\" class=\"wp-caption alignright\"><a href=\"http:\/\/ermstal.tv\/33-jahre-aks-vorsitz-peter-rogosch\/\" target=\"_blank\" rel=\"noopener\"><img loading=\"lazy\" decoding=\"async\" aria-describedby=\"caption-attachment-1116\" class=\"wp-image-1116\" src=\"http:\/\/www.aks-metzingen.eu\/aks\/wp-content\/uploads\/2014\/12\/Peter-300x169.png\" alt=\"Peter\" width=\"192\" height=\"108\" srcset=\"http:\/\/www.aks-metzingen.eu\/aks\/wp-content\/uploads\/2014\/12\/Peter-300x169.png 300w, http:\/\/www.aks-metzingen.eu\/aks\/wp-content\/uploads\/2014\/12\/Peter.png 379w\" sizes=\"auto, (max-width: 192px) 100vw, 192px\" \/><\/a><p id=\"caption-attachment-1116\" class=\"wp-caption-text\">Vielen Dank an Peter Rogosch!<\/p><\/div>\n<p>&nbsp;<\/p>\n","protected":false},"excerpt":{"rendered":"<p>Zwei Krautwickel mit So\u00dfe, Kartoffelbrei und dazu einen interessanten Vortrag: fertig ist das Men\u00fc, das auch diesmal, beim 7. Krautwickelessen, zu dem der Arbeitskreis Stadtgeschichte \u2013 Geschichtsverein Metzingen in die Festkelter eingeladen hatte, jedem geschmeckt hat. Zum ersten Mal er\u00f6ffnete &hellip; <a href=\"http:\/\/www.aks-metzingen.eu\/aks\/kgl-wuertt-krautwickelessen\/\">Weiterlesen <span class=\"meta-nav\">&rarr;<\/span><\/a><\/p>\n","protected":false},"author":5,"featured_media":1093,"comment_status":"closed","ping_status":"closed","sticky":false,"template":"","format":"standard","meta":{"ngg_post_thumbnail":0,"footnotes":""},"categories":[1],"tags":[],"class_list":["post-1084","post","type-post","status-publish","format-standard","has-post-thumbnail","hentry","category-allgemein"],"_links":{"self":[{"href":"http:\/\/www.aks-metzingen.eu\/aks\/wp-json\/wp\/v2\/posts\/1084","targetHints":{"allow":["GET"]}}],"collection":[{"href":"http:\/\/www.aks-metzingen.eu\/aks\/wp-json\/wp\/v2\/posts"}],"about":[{"href":"http:\/\/www.aks-metzingen.eu\/aks\/wp-json\/wp\/v2\/types\/post"}],"author":[{"embeddable":true,"href":"http:\/\/www.aks-metzingen.eu\/aks\/wp-json\/wp\/v2\/users\/5"}],"replies":[{"embeddable":true,"href":"http:\/\/www.aks-metzingen.eu\/aks\/wp-json\/wp\/v2\/comments?post=1084"}],"version-history":[{"count":24,"href":"http:\/\/www.aks-metzingen.eu\/aks\/wp-json\/wp\/v2\/posts\/1084\/revisions"}],"predecessor-version":[{"id":1089,"href":"http:\/\/www.aks-metzingen.eu\/aks\/wp-json\/wp\/v2\/posts\/1084\/revisions\/1089"}],"wp:featuredmedia":[{"embeddable":true,"href":"http:\/\/www.aks-metzingen.eu\/aks\/wp-json\/wp\/v2\/media\/1093"}],"wp:attachment":[{"href":"http:\/\/www.aks-metzingen.eu\/aks\/wp-json\/wp\/v2\/media?parent=1084"}],"wp:term":[{"taxonomy":"category","embeddable":true,"href":"http:\/\/www.aks-metzingen.eu\/aks\/wp-json\/wp\/v2\/categories?post=1084"},{"taxonomy":"post_tag","embeddable":true,"href":"http:\/\/www.aks-metzingen.eu\/aks\/wp-json\/wp\/v2\/tags?post=1084"}],"curies":[{"name":"wp","href":"https:\/\/api.w.org\/{rel}","templated":true}]}}