{"id":1074,"date":"2014-12-09T16:36:24","date_gmt":"2014-12-09T15:36:24","guid":{"rendered":"http:\/\/www.aks-metzingen.eu\/aks\/?p=1074"},"modified":"2015-05-22T11:38:11","modified_gmt":"2015-05-22T09:38:11","slug":"ehrenvorsitzender-peter-rogosch","status":"publish","type":"post","link":"http:\/\/www.aks-metzingen.eu\/aks\/ehrenvorsitzender-peter-rogosch\/","title":{"rendered":"Ehrenvorsitzender Peter Rogosch"},"content":{"rendered":"<div id=\"attachment_1065\" style=\"width: 310px\" class=\"wp-caption alignleft\"><a href=\"http:\/\/www.aks-metzingen.eu\/aks\/wp-content\/uploads\/2014\/12\/IMG_9854.jpg\"><img loading=\"lazy\" decoding=\"async\" aria-describedby=\"caption-attachment-1065\" class=\"wp-image-1065 size-medium\" src=\"http:\/\/www.aks-metzingen.eu\/aks\/wp-content\/uploads\/2014\/12\/IMG_9854-300x200.jpg\" alt=\"IMG_9854\" width=\"300\" height=\"200\" srcset=\"http:\/\/www.aks-metzingen.eu\/aks\/wp-content\/uploads\/2014\/12\/IMG_9854-300x200.jpg 300w, http:\/\/www.aks-metzingen.eu\/aks\/wp-content\/uploads\/2014\/12\/IMG_9854-450x300.jpg 450w, http:\/\/www.aks-metzingen.eu\/aks\/wp-content\/uploads\/2014\/12\/IMG_9854.jpg 960w\" sizes=\"auto, (max-width: 300px) 100vw, 300px\" \/><\/a><p id=\"caption-attachment-1065\" class=\"wp-caption-text\">Rudolf Renz schl\u00e4gt Peter Rogosch zum Ehrenvorsitzenden vor (Foto: Dr. Feucht)<\/p><\/div>\n<p class=\"western\"><span style=\"font-size: large;\">Die Generalversammlung am 18. November 2014 war ein historischer Tag in der Geschichte des AKS: Peter Rogosch hat erkl\u00e4rt, nicht mehr f\u00fcr den Vorsitz zu kandidieren. Das ist eine Z\u00e4sur, die es nicht erlaubt, einfach zur TO \u00fcberzugehen. <\/span><!--more--><span style=\"font-size: large;\">Vorstand und Beirat hatten sich dah<\/span><span style=\"font-size: large;\">er Gedanken gemacht, wie wir ihm danken k\u00f6nnen. Daher ging Rudolf Renz kurz auf sein bisheriges Wirken ein.\u00a0<\/span><\/p>\n<p class=\"western\"><span style=\"font-size: large;\">Peter Rogosch regte 1981 als stellv. Vorsitzender der Metzinger VHS die Gr\u00fcndung eines Arbeitskreises Stadtgeschichte an. Zusammen mit Friedrich Lemmer bereitete er dessen Gr\u00fcndung vor, die im November 1981 mit 19 Personen erfolgte. Gemeinsam mit ihm f\u00fchrte er in der Anfangszeit den Arbeitskreis. Die Mitgliederversammlung w\u00e4hlte Peter Rogosch immer wieder zum 1. Vorsitzenden. Und das hat nat\u00fcrlich seine Gr\u00fcnde. Er hat es verstanden, nicht nur seinen Vorstand und Beirat, sondern immer wieder auch andere Mitglieder zu motivieren, f\u00fcr die Ziele des AKS ehrenamtlich mitzuarbeiten. Daraus ist der Mittwochskreis entstanden, der bis heute besteht. Mit unerm\u00fcdlichem Einsatz, gro\u00dfer Kompetenz und vielen Ideen f\u00fchrte Peter Rogosch den AKS bis heute \u2013 33 Jahre lang. 25 Jahre lang hat ihn dabei seine Frau Ulrike unterst\u00fctzt.<\/span><\/p>\n<p class=\"western\"><span style=\"font-size: large;\">Einige besondere Verdienste des zu Ehrenden sind zu nennen:<\/span><\/p>\n<p class=\"western\"><span style=\"font-size: large;\">Ab 1983 gab der AKS eine Reihe von <b>Publikationen<\/b> heraus. Die Hauptreihe der \u201eMetzinger Heimatbl\u00e4tter\u201c besch\u00e4ftigt sich mit der Ortsgeschichte, der erste Band ist eine Geschichte der \u201eHindenburgschule\u201c (heute \u201eSieben-Keltern-Schule\u201c). Weitere Titel folgten zur Geschichte der Stadtteile Neuhausen und Glems. Im Band 4 wurden die \u00e4ltesten Chroniken von Metzingen neu aufgelegt und kommentiert. Die Hauptreihe der Metzinger Heimatbl\u00e4tter wurde in den Folgejahren erg\u00e4nzt durch eine Sonderreihe, welche u. a. Ausstellungen des AKS begleitete. Daneben sind weitere Publikationen entstanden, u. a. zu dem in Metzingen geborenen Chemiker Christian Friedrich Sch\u00f6nbein und zur Martinskirche Metzingen. Bei der vom Stadtarchiv Metzingen herausgegebenen Publikation \u201eMetzingen in der Zeit des Nationalsozialismus\u201c wirkte der AKS mit. <\/span><\/p>\n<p class=\"western\"><span style=\"font-size: large;\">Die ersten <b>\u201eRundschreiben\u201c<\/b>, die Mitgliederzeitschrift des AKS, die Sie alle kennen, wurden ausschlie\u00dflich von Peter Rogosch gestaltet. Sp\u00e4ter kamen andere Autoren dazu. Im Jahr 2000 wurde die Zeitschrift in \u201e<b>Spuren<\/b>\u201c umbenannt, Peter Rogosch hat bis 2005 die Redaktion geleitet. Wolfgang K\u00f6ppl und Rolf Scheu hatten in diesen Jahren einen gro\u00dfen Anteil an der Fertigstellung der Zeitschrift.<\/span><\/p>\n<p class=\"western\"><span style=\"font-size: large;\">Der AKS hat daf\u00fcr geworben, dass ein Stadtarchivar berufen wird, er hat <b>Ausstellungen <\/b>vorbereitet, zu lokal- und landesgeschichtlichen Vortr\u00e4gen eingeladen und sich an <b>Grabungen des Landesdenkmalamts<\/b> beteiligt. Er hat zahlreiche <b>Exkursionen <\/b>durchgef\u00fchrt, darunter immer eine mehrt\u00e4gige Jahresexkursion. Ich m\u00f6chte hier ausdr\u00fccklich hervorheben, dass bei deren Planung und Durchf\u00fchrung sich Rolf Scheu gro\u00dfe Verdienste erwarb. Schon 1989 hat der AKS zusammen mit der Stadtverwaltung Metzingen \u2013 wir hatten ja jetzt endlich einen kompetenten und arbeitsfreudigen Stadtarchivar \u2013 das 150. Jubil\u00e4um der Entdeckung des Ozons durch Christian Friedrich Sch\u00f6nbein mit einer Ausstellung gew\u00fcrdigt. Viele von Ihnen werden sich noch an diese Ausstellung erinnern. Seit dieser Zeit hat sich der AKS an der Vorbereitung des 200. Geburtstages von Sch\u00f6nbein 1999 beteiligt, ein Forschungs- und Buchprojekt unterst\u00fctzt und eine Ausstellung vorbereitet, die im \u201eSch\u00f6nbeinjahr\u201c 1999 drei Monate gezeigt wurde. Eine Exkursion auf den Spuren Sch\u00f6nbeins nach Basel und Combe Varin im Schweizer Hochjura wurde vorbereitet und ein Festakt zum 200. Geburtstag Sch\u00f6nbeins in Zusammenarbeit mit der Stadtverwaltung organisiert. <\/span><\/p>\n<p class=\"western\"><span style=\"font-size: large;\">Der AKS unterst\u00fctzt die <b>Familienforschung<\/b> und Familientreffen. Er \u00fcbernahm die <b>Federf\u00fchrung bei B\u00fcrgerinitiativen<\/b> zum Erhalt st\u00e4dtischer Bauten, so u. a. bei der Treppenanlage im Jugendstil, der \u201eBuba-M\u00e4dles-Treppe\u201c neben der Sieben-Keltern-Schule. <\/span><\/p>\n<p class=\"western\"><span style=\"font-size: large;\">Im Jahr 2000 wurde der AKS Metzingen von der Landesregierung als<b> \u201evorbildliche B\u00fcrgeraktion\u201c <\/b>ausgezeichnet.<b> <\/b><\/span><\/p>\n<p class=\"western\"><span style=\"font-size: large;\">Diese Aktivit\u00e4ten \u2013 und nicht alle sind hier genannt worden \u2013 entstanden unter der Federf\u00fchrung von Peter Rogosch. Er kann mit gutem Recht als Spiritus Rector und Motor des AKS bezeichnet werden. Seine Leistung ist nat\u00fcrlich nur m\u00f6glich gewesen, weil er andere Leute begeistern kann. Ohne seine Ideen, seinen unerm\u00fcdlichen Einsatz, sein Organisationstalent und seine F\u00e4higkeit, auf andere Leute zuzugehen, w\u00e4re der AKS Metzingen heute nicht das, was er offensichtlich ist: eine \u201evorbildliche B\u00fcrgeraktion\u201c, die in Metzingen eine breite Resonanz hat und f\u00fcr die Identifikation der B\u00fcrger mit ihrer Stadt wichtig ist. Im Jahr 2006 erhielt Peter Rogosch zu unserer Freude f\u00fcr seinen Einsatz die Ehrennadel des Landes Baden-W\u00fcrtttemberg. <\/span><\/p>\n<p class=\"western\"><span style=\"font-size: large;\"><a href=\"http:\/\/www.aks-metzingen.eu\/aks\/wp-content\/uploads\/2014\/12\/IMG_9859.jpg\"><img loading=\"lazy\" decoding=\"async\" class=\"alignleft wp-image-1066 size-medium\" src=\"http:\/\/www.aks-metzingen.eu\/aks\/wp-content\/uploads\/2014\/12\/IMG_9859-200x300.jpg\" alt=\"IMG_9859\" width=\"200\" height=\"300\" srcset=\"http:\/\/www.aks-metzingen.eu\/aks\/wp-content\/uploads\/2014\/12\/IMG_9859-200x300.jpg 200w, http:\/\/www.aks-metzingen.eu\/aks\/wp-content\/uploads\/2014\/12\/IMG_9859.jpg 480w\" sizes=\"auto, (max-width: 200px) 100vw, 200px\" \/><\/a>Die Mitgliederversammlung folgte dem Vorschlag von Vorstand und Beirat und w\u00e4hlte Peter Rogosch zum Dank und als Anerkennung f\u00fcr seine besonderen Verdienste einstimmig zum Ehrenvorsitzenden. Alle waren sich einig:<\/span><\/p>\n<p class=\"western\"><span style=\"font-size: large;\">Er hat sich um den Arbeiskreis Stadtgeschichte \u2013 Geschichtsverein Metzingen verdient gemacht!<\/span><\/p>\n<p class=\"western\">\n","protected":false},"excerpt":{"rendered":"<p>Die Generalversammlung am 18. November 2014 war ein historischer Tag in der Geschichte des AKS: Peter Rogosch hat erkl\u00e4rt, nicht mehr f\u00fcr den Vorsitz zu kandidieren. Das ist eine Z\u00e4sur, die es nicht erlaubt, einfach zur TO \u00fcberzugehen.<\/p>\n","protected":false},"author":6,"featured_media":0,"comment_status":"closed","ping_status":"closed","sticky":false,"template":"","format":"standard","meta":{"ngg_post_thumbnail":0,"footnotes":""},"categories":[1],"tags":[],"class_list":["post-1074","post","type-post","status-publish","format-standard","hentry","category-allgemein"],"_links":{"self":[{"href":"http:\/\/www.aks-metzingen.eu\/aks\/wp-json\/wp\/v2\/posts\/1074","targetHints":{"allow":["GET"]}}],"collection":[{"href":"http:\/\/www.aks-metzingen.eu\/aks\/wp-json\/wp\/v2\/posts"}],"about":[{"href":"http:\/\/www.aks-metzingen.eu\/aks\/wp-json\/wp\/v2\/types\/post"}],"author":[{"embeddable":true,"href":"http:\/\/www.aks-metzingen.eu\/aks\/wp-json\/wp\/v2\/users\/6"}],"replies":[{"embeddable":true,"href":"http:\/\/www.aks-metzingen.eu\/aks\/wp-json\/wp\/v2\/comments?post=1074"}],"version-history":[{"count":7,"href":"http:\/\/www.aks-metzingen.eu\/aks\/wp-json\/wp\/v2\/posts\/1074\/revisions"}],"predecessor-version":[{"id":1214,"href":"http:\/\/www.aks-metzingen.eu\/aks\/wp-json\/wp\/v2\/posts\/1074\/revisions\/1214"}],"wp:attachment":[{"href":"http:\/\/www.aks-metzingen.eu\/aks\/wp-json\/wp\/v2\/media?parent=1074"}],"wp:term":[{"taxonomy":"category","embeddable":true,"href":"http:\/\/www.aks-metzingen.eu\/aks\/wp-json\/wp\/v2\/categories?post=1074"},{"taxonomy":"post_tag","embeddable":true,"href":"http:\/\/www.aks-metzingen.eu\/aks\/wp-json\/wp\/v2\/tags?post=1074"}],"curies":[{"name":"wp","href":"https:\/\/api.w.org\/{rel}","templated":true}]}}