{"id":1061,"date":"2014-12-07T11:10:06","date_gmt":"2014-12-07T10:10:06","guid":{"rendered":"http:\/\/www.aks-metzingen.eu\/aks\/?p=1061"},"modified":"2014-12-07T13:37:49","modified_gmt":"2014-12-07T12:37:49","slug":"zeitenwende","status":"publish","type":"post","link":"http:\/\/www.aks-metzingen.eu\/aks\/zeitenwende\/","title":{"rendered":"Zeitenwende"},"content":{"rendered":"<p>Die diesj\u00e4hrige Generalversammlung kann mit Fug und Recht historisch genannt werden. Stellte sich doch nach 33 Jahren der Vorsitzende Peter Rogosch nicht mehr zur Verf\u00fcgung. Zu seinem Nachfolger wurde Rudolf Renz gew\u00e4hlt. <!--more-->So war dies nun sein letzter Rechenschaftsbericht. Er f\u00fchrte aus, dass das Zentrum der Aktivit\u00e4ten des AKS der traditionelle Mittwochstreff sei.<br \/>\nAn Aktivit\u00e4ten des AKS nannte er: Bildarchivierung, Sammlungen, Zeitungsausschneidedienst, Publikationen, Ausstellungen, Vortr\u00e4ge, F\u00fchrungen, Exkursionen. Dies zeigt die herausragende Stellung des AKS im Leben der Stadt und seine Bedeutung f\u00fcr das Metzinger Geschichtsbewusstseins.<br \/>\nNicht zu vergessen die Seniorenveranstaltungen und das Krautwickelessen, das nun schon ins siebte Jahr ging.<\/p>\n<p>Am Ende seiner Ausf\u00fchrungen dankte Peter Rogosch allen \u201etreuen Seelen\u201c des AKS: den Mitgliedern des Vorstands und Beirats sowie den \u201eMittwochstrefflern\u201c. Ebenso dankte er f\u00fcr die Zusammenarbeit mit Stadtarchivar Rolf Bidlingmaier und f\u00fcr die Unterst\u00fctzung der Stadt. Auch bedankte er sich f\u00fcr die langj\u00e4hrige Zusammenarbeit mit Kreisarchivarin Dr. Betz-Wischnath. Besonderen Dank schulde der AKS Frau Ute Maier, die sehr viel f\u00fcr das Layout der SPUREN leiste.<br \/>\nAbschlie\u00dfend schwelgte Peter Rogosch in seinen Erinnerungen. Ein besonderer H\u00f6hepunkt sei das Projekt \u201eRettet die Treppe\u201c gewesen: die Erhaltung der Buba-M\u00e4dles-Treppe. 33 Jahre Vereinsgeschichte sei eine lange Zeit und zweifelsohne lie\u00dfe sich 33 Stunden dar\u00fcber berichten. Lang anhaltender Applaus folgte seinen Ausf\u00fchrungen.<br \/>\nAm Schluss ihres Kassenberichts sagte B\u00e4rbel Eisele im Hinblick auf das regnerische Wetter: \u201eSogar der Himmel weint, dass Peter Rogosch geht\u201c.<\/p>\n<p>Oberb\u00fcrgermeister Dr. Fiedler \u00fcberbrachte die Gr\u00fc\u00dfe der Stadt und w\u00fcrdigte Peter Rogosch und sein Engagement f\u00fcr den AKS und die Stadtgeschichte. Es sei eine au\u00dferordentliche Generalversammlung. Nach 33 Jahren m\u00fcsste der AKS den 1. Vorsitzenden verabschieden. Der AKS sei ein Vorzeigeverein f\u00fcr die Stadt Metzingen. Dr. Fiedler richtete einige Worte an Peter Rogosch und w\u00fcrdigte sein vielf\u00e4ltiges Engagement, auch in der Kommunalpolitik.<br \/>\nEr \u00fcberreichte ihm ein Bild mit den sieben Keltern. <a href=\"http:\/\/www.aks-metzingen.eu\/aks\/wp-content\/uploads\/2014\/12\/IMG_9848.jpg\"><img loading=\"lazy\" decoding=\"async\" class=\"alignnone size-medium wp-image-1064\" src=\"http:\/\/www.aks-metzingen.eu\/aks\/wp-content\/uploads\/2014\/12\/IMG_9848-300x200.jpg\" alt=\"IMG_9848\" width=\"300\" height=\"200\" srcset=\"http:\/\/www.aks-metzingen.eu\/aks\/wp-content\/uploads\/2014\/12\/IMG_9848-300x200.jpg 300w, http:\/\/www.aks-metzingen.eu\/aks\/wp-content\/uploads\/2014\/12\/IMG_9848-450x300.jpg 450w, http:\/\/www.aks-metzingen.eu\/aks\/wp-content\/uploads\/2014\/12\/IMG_9848.jpg 960w\" sizes=\"auto, (max-width: 300px) 100vw, 300px\" \/><\/a><\/p>\n<p>Der neue Vorstand und Beirat wurden einstimmig gew\u00e4hlt: Erster Vorsitzender ist Rudolf Renz, Stellvertreterinnen sind Dr. Christiane Hauber und Patricia Stasch, Schatzmeisterin bleibt Barbara Eisele und Schriftf\u00fchrer Dr. Helmut Kaut. Als Beir\u00e4te wurden gew\u00e4hlt: Alfred Graner, Gerd Haist, Paul Heinzelmann, Ute Maier und Dr. Karl Weitnauer.<br \/>\n<a href=\"http:\/\/www.aks-metzingen.eu\/aks\/wp-content\/uploads\/2014\/12\/IMG_9854.jpg\"><img loading=\"lazy\" decoding=\"async\" class=\"alignleft wp-image-1065 size-medium\" src=\"http:\/\/www.aks-metzingen.eu\/aks\/wp-content\/uploads\/2014\/12\/IMG_9854-300x200.jpg\" alt=\"IMG_9854\" width=\"300\" height=\"200\" srcset=\"http:\/\/www.aks-metzingen.eu\/aks\/wp-content\/uploads\/2014\/12\/IMG_9854-300x200.jpg 300w, http:\/\/www.aks-metzingen.eu\/aks\/wp-content\/uploads\/2014\/12\/IMG_9854-450x300.jpg 450w, http:\/\/www.aks-metzingen.eu\/aks\/wp-content\/uploads\/2014\/12\/IMG_9854.jpg 960w\" sizes=\"auto, (max-width: 300px) 100vw, 300px\" \/><\/a> Der neue Vorsitzende Rudolf Renz machte den Vorschlag, Peter Rogosch auf Grund seiner immensen Verdienste f\u00fcr den AKS zum Ehrenvorsitzenden zu ernennen, der auch sogleich einstimmig angenommen wurde. Unter Standing Ovations wurde Peter Rogosch zum Ehrenvorsitzenden gek\u00fcrt. Sichtlich bewegt dankte er sehr herzlich. <a href=\"http:\/\/www.aks-metzingen.eu\/aks\/wp-content\/uploads\/2014\/12\/IMG_9859.jpg\"><img loading=\"lazy\" decoding=\"async\" class=\"alignnone size-medium wp-image-1066\" src=\"http:\/\/www.aks-metzingen.eu\/aks\/wp-content\/uploads\/2014\/12\/IMG_9859-200x300.jpg\" alt=\"IMG_9859\" width=\"200\" height=\"300\" srcset=\"http:\/\/www.aks-metzingen.eu\/aks\/wp-content\/uploads\/2014\/12\/IMG_9859-200x300.jpg 200w, http:\/\/www.aks-metzingen.eu\/aks\/wp-content\/uploads\/2014\/12\/IMG_9859.jpg 480w\" sizes=\"auto, (max-width: 200px) 100vw, 200px\" \/><\/a><\/p>\n<p>Nachdem die Vereinsregularien abgeschlossen waren, hielt Dr. Andreas Schmauder, Stadtarchivar von Ravensburg, dessen Anf\u00e4nge auch beim AKS liegen, seinen bewegenden Vortrag \u00fcber die Schwabenkinder. <a href=\"http:\/\/www.aks-metzingen.eu\/aks\/wp-content\/uploads\/2014\/12\/IMG_9863.jpg\"><img loading=\"lazy\" decoding=\"async\" class=\"alignleft wp-image-1067 size-medium\" src=\"http:\/\/www.aks-metzingen.eu\/aks\/wp-content\/uploads\/2014\/12\/IMG_9863-300x200.jpg\" alt=\"IMG_9863\" width=\"300\" height=\"200\" srcset=\"http:\/\/www.aks-metzingen.eu\/aks\/wp-content\/uploads\/2014\/12\/IMG_9863-300x200.jpg 300w, http:\/\/www.aks-metzingen.eu\/aks\/wp-content\/uploads\/2014\/12\/IMG_9863-450x300.jpg 450w, http:\/\/www.aks-metzingen.eu\/aks\/wp-content\/uploads\/2014\/12\/IMG_9863.jpg 960w\" sizes=\"auto, (max-width: 300px) 100vw, 300px\" \/><\/a><\/p>\n<p>&nbsp;<\/p>\n<p>&nbsp;<\/p>\n<p>&nbsp;<\/p>\n<p>&nbsp;<\/p>\n<p>&nbsp;<\/p>\n<p>Fotos: Dr. Feucht<\/p>\n","protected":false},"excerpt":{"rendered":"<p>Die diesj\u00e4hrige Generalversammlung kann mit Fug und Recht historisch genannt werden. Stellte sich doch nach 33 Jahren der Vorsitzende Peter Rogosch nicht mehr zur Verf\u00fcgung. Zu seinem Nachfolger wurde Rudolf Renz gew\u00e4hlt.<\/p>\n","protected":false},"author":5,"featured_media":1065,"comment_status":"closed","ping_status":"closed","sticky":false,"template":"","format":"standard","meta":{"ngg_post_thumbnail":0,"footnotes":""},"categories":[1],"tags":[],"class_list":["post-1061","post","type-post","status-publish","format-standard","has-post-thumbnail","hentry","category-allgemein"],"_links":{"self":[{"href":"http:\/\/www.aks-metzingen.eu\/aks\/wp-json\/wp\/v2\/posts\/1061","targetHints":{"allow":["GET"]}}],"collection":[{"href":"http:\/\/www.aks-metzingen.eu\/aks\/wp-json\/wp\/v2\/posts"}],"about":[{"href":"http:\/\/www.aks-metzingen.eu\/aks\/wp-json\/wp\/v2\/types\/post"}],"author":[{"embeddable":true,"href":"http:\/\/www.aks-metzingen.eu\/aks\/wp-json\/wp\/v2\/users\/5"}],"replies":[{"embeddable":true,"href":"http:\/\/www.aks-metzingen.eu\/aks\/wp-json\/wp\/v2\/comments?post=1061"}],"version-history":[{"count":6,"href":"http:\/\/www.aks-metzingen.eu\/aks\/wp-json\/wp\/v2\/posts\/1061\/revisions"}],"predecessor-version":[{"id":1073,"href":"http:\/\/www.aks-metzingen.eu\/aks\/wp-json\/wp\/v2\/posts\/1061\/revisions\/1073"}],"wp:featuredmedia":[{"embeddable":true,"href":"http:\/\/www.aks-metzingen.eu\/aks\/wp-json\/wp\/v2\/media\/1065"}],"wp:attachment":[{"href":"http:\/\/www.aks-metzingen.eu\/aks\/wp-json\/wp\/v2\/media?parent=1061"}],"wp:term":[{"taxonomy":"category","embeddable":true,"href":"http:\/\/www.aks-metzingen.eu\/aks\/wp-json\/wp\/v2\/categories?post=1061"},{"taxonomy":"post_tag","embeddable":true,"href":"http:\/\/www.aks-metzingen.eu\/aks\/wp-json\/wp\/v2\/tags?post=1061"}],"curies":[{"name":"wp","href":"https:\/\/api.w.org\/{rel}","templated":true}]}}